{"id":8100,"date":"2025-06-30T15:53:53","date_gmt":"2025-06-30T13:53:53","guid":{"rendered":"https:\/\/www.lkeria.com\/actualites\/?p=8100"},"modified":"2025-06-30T15:53:53","modified_gmt":"2025-06-30T13:53:53","slug":"la-salle-de-bain-sans-fenetre-devient-tendance-et-voici-pourquoi","status":"publish","type":"post","link":"https:\/\/www.lkeria.com\/actualites\/salle-de-bain\/la-salle-de-bain-sans-fenetre-devient-tendance-et-voici-pourquoi\/","title":{"rendered":"La salle de bain sans fen\u00eatre devient tendance et voici pourquoi"},"content":{"rendered":"\n<p>Vous avez une salle de bain sans fen\u00eatre ? Bonne nouvelle : avec les bons choix d&rsquo;am\u00e9nagement, de lumi\u00e8re et de mat\u00e9riaux, cet espace peut devenir un v\u00e9ritable cocon moderne, pratique et lumineux. Oubliez les id\u00e9es re\u00e7ues : voici comment transformer ce d\u00e9fi en atout.<\/p>\n\n\n\n<h3 class=\"wp-block-heading\">Pourquoi une salle de bain sans fen\u00eatre n&rsquo;est pas un probl\u00e8me<\/h3>\n\n\n\n<p>Qu&rsquo;elle soit situ\u00e9e au centre d&rsquo;un appartement, dans un sous-sol ou en r\u00e9am\u00e9nagement d&rsquo;espace, une salle de bain sans ouverture sur l&rsquo;ext\u00e9rieur peut tout \u00e0 fait \u00eatre confortable, saine et esth\u00e9tique. Il suffit de respecter quelques principes cl\u00e9s :<\/p>\n\n\n\n<ul class=\"wp-block-list\">\n<li><strong>ventilation efficace<\/strong>,<\/li>\n\n\n\n<li><strong>\u00e9clairage bien pens\u00e9<\/strong>,<\/li>\n\n\n\n<li><strong>choix de mat\u00e9riaux clairs et r\u00e9fl\u00e9chissants<\/strong>,<\/li>\n\n\n\n<li><strong>optimisation de l&rsquo;espace<\/strong>.<\/li>\n<\/ul>\n\n\n\n<h3 class=\"wp-block-heading\">Respirez ! La ventilation, c&rsquo;est la priorit\u00e9<\/h3>\n\n\n\n<p>Sans fen\u00eatre, pas de courant d&rsquo;air. Donc, pas d&rsquo;\u00e9vaporation naturelle de l&rsquo;humidit\u00e9. Pour \u00e9viter moisissures et odeurs persistantes, on mise sur une <strong>ventilation m\u00e9canique contr\u00f4l\u00e9e (VMC)<\/strong> ou un <strong>extracteur d&rsquo;air intelligent<\/strong>. Certains mod\u00e8les s&rsquo;activent automatiquement en cas d&rsquo;humidit\u00e9 excessive, pratique !<\/p>\n\n\n\n<p><strong>Astuce <\/strong>: pensez \u00e0 entretenir ces syst\u00e8mes r\u00e9guli\u00e8rement pour qu&rsquo;ils gardent toute leur efficacit\u00e9.<\/p>\n\n\n<div class=\"wp-block-image\">\n<figure class=\"alignright size-large is-resized\"><img loading=\"lazy\" decoding=\"async\" width=\"853\" height=\"1024\" src=\"https:\/\/www.lkeria.com\/actualites\/wp-content\/uploads\/2025\/06\/salle-de-bain-853x1024.webp\" alt=\"salle de bain\" class=\"wp-image-8111\" style=\"width:308px;height:auto\" srcset=\"https:\/\/www.lkeria.com\/actualites\/wp-content\/uploads\/2025\/06\/salle-de-bain-853x1024.webp 853w, https:\/\/www.lkeria.com\/actualites\/wp-content\/uploads\/2025\/06\/salle-de-bain-250x300.webp 250w, https:\/\/www.lkeria.com\/actualites\/wp-content\/uploads\/2025\/06\/salle-de-bain-768x922.webp 768w, https:\/\/www.lkeria.com\/actualites\/wp-content\/uploads\/2025\/06\/salle-de-bain.webp 1000w\" sizes=\"auto, (max-width: 853px) 100vw, 853px\" \/><\/figure>\n<\/div>\n\n\n<h3 class=\"wp-block-heading\">La lumi\u00e8re artificielle : le c\u0153ur de l&rsquo;ambiance<\/h3>\n\n\n\n<p>La lumi\u00e8re naturelle vous manque ? Rassurez-vous : avec un bon <strong>\u00e9clairage LED multicouche<\/strong>, vous pouvez cr\u00e9er une atmosph\u00e8re douce, efficace et relaxante. Combinez :<\/p>\n\n\n\n<ul class=\"wp-block-list\">\n<li><strong>plafonniers puissants<\/strong> pour l&rsquo;\u00e9clairage g\u00e9n\u00e9ral ;<\/li>\n\n\n\n<li><strong>appliques murales<\/strong> autour du miroir ;<\/li>\n\n\n\n<li><strong>bandes LED<\/strong> dans les niches ou sous les meubles ;<\/li>\n\n\n\n<li><strong>spots \u00e9tanches<\/strong> au-dessus de la douche ou de la baignoire.<\/li>\n<\/ul>\n\n\n\n<p>Ajoutez un <strong>miroir avec lumi\u00e8re int\u00e9gr\u00e9e<\/strong> pour un effet spa \u00e0 domicile.<\/p>\n\n\n\n<h3 class=\"wp-block-heading\">Couleurs et mati\u00e8res d&rsquo;une salle de bain sans fen\u00eatre : luminosit\u00e9 et profondeur visuelle<\/h3>\n\n\n\n<p>Pour agrandir visuellement l&rsquo;espace et refl\u00e9ter la lumi\u00e8re, optez pour :<\/p>\n\n\n\n<ul class=\"wp-block-list\">\n<li>des <strong>teintes claires<\/strong> (blanc, beige, gris perle) ;<\/li>\n\n\n\n<li>des <strong>rev\u00eatements brillants ou satin\u00e9s<\/strong> ;<\/li>\n\n\n\n<li>des <strong>carrelages \u00e9maill\u00e9s ou effet miroir<\/strong> ;<\/li>\n\n\n\n<li>des <strong>parois de douche transparentes<\/strong> ;<\/li>\n\n\n\n<li>des <strong>meubles laqu\u00e9s ou vitr\u00e9s<\/strong>.<\/li>\n<\/ul>\n\n\n\n<p>Bonus : les mat\u00e9riaux comme le verre, l&rsquo;inox ou le polycarbonate apportent de la l\u00e9g\u00e8ret\u00e9 et diffusent la lumi\u00e8re sans alourdir l&rsquo;espace.<\/p>\n\n\n\n<h3 class=\"wp-block-heading\">Astuces d\u00e9co pour une ambiance zen<\/h3>\n\n\n\n<ul class=\"wp-block-list\">\n<li><strong>Grands miroirs muraux<\/strong> : ils d\u00e9multiplient l&rsquo;espace et la lumi\u00e8re.<\/li>\n\n\n\n<li><strong>Plantes d\u00e9polluantes<\/strong> : certaines (comme le spathiphyllum) s&rsquo;accommodent bien d&rsquo;une lumi\u00e8re artificielle.<\/li>\n\n\n\n<li><strong>Accessoires coordonn\u00e9s<\/strong> : panier en fibres naturelles, rideau de douche clair, tapis moelleux.<\/li>\n\n\n\n<li><strong>Parois semi-transparentes<\/strong> : pour cloisonner sans assombrir.<\/li>\n<\/ul>\n\n\n\n<h3 class=\"wp-block-heading\">Les plus de la salle de bain sans fen\u00eatre<\/h3>\n\n\n\n<p>\u2714 Plus d&rsquo;intimit\u00e9, pas de vis-\u00e0-vis. \u2714 Am\u00e9nagement libre sans contrainte d&rsquo;ouverture. \u2714 Design personnalis\u00e9 sans lumi\u00e8re directe \u00e0 g\u00e9rer. \u2714 Id\u00e9al pour une deuxi\u00e8me salle de bain ou une suite parentale.<\/p>\n\n\n\n<h3 class=\"wp-block-heading\">En bref<\/h3>\n\n\n\n<p>Avec les bons choix techniques et stylistiques, <a href=\"https:\/\/www.lkeria.com\/actualites\/salle-de-bain\/amenager-une-salle-de-bain-adaptee-les-cles-pour-une-transformation-reussie\/\">une salle de bain<\/a> sans fen\u00eatre peut \u00eatre aussi confortable, lumineuse et moderne qu&rsquo;une salle de bain classique. Pensez en termes de conception globale : ventilation, \u00e9clairage, couleurs, mat\u00e9riaux. Et laissez parler votre cr\u00e9ativit\u00e9 !<\/p>\n","protected":false},"excerpt":{"rendered":"<p>Vous avez une salle de bain sans fen\u00eatre ? Bonne nouvelle : avec les bons choix d&rsquo;am\u00e9nagement, de lumi\u00e8re et de mat\u00e9riaux, cet espace peut devenir un v\u00e9ritable cocon moderne, pratique et lumineux. Oubliez les id\u00e9es re\u00e7ues : voici comment transformer ce d\u00e9fi en atout. Pourquoi une salle de bain sans fen\u00eatre n&rsquo;est pas un [&hellip;]<\/p>\n","protected":false},"author":1,"featured_media":8109,"comment_status":"open","ping_status":"open","sticky":false,"template":"","format":"standard","meta":{"footnotes":""},"categories":[815],"tags":[239],"class_list":["post-8100","post","type-post","status-publish","format-standard","has-post-thumbnail","hentry","category-salle-de-bain","tag-une"],"yoast_head":"<!-- This site is optimized with the Yoast SEO plugin v27.5 - https:\/\/yoast.com\/product\/yoast-seo-wordpress\/ -->\n<title>La salle de bain sans fen\u00eatre devient tendance et voici pourquoi<\/title>\n<meta name=\"description\" content=\"D\u00e9couvrez comment am\u00e9nager une salle de bain sans fen\u00eatre, lumineuse et design gr\u00e2ce \u00e0 nos conseils en \u00e9clairage, ventilation et d\u00e9co.\" \/>\n<meta name=\"robots\" content=\"index, follow, max-snippet:-1, max-image-preview:large, max-video-preview:-1\" \/>\n<link rel=\"canonical\" href=\"https:\/\/www.lkeria.com\/actualites\/salle-de-bain\/la-salle-de-bain-sans-fenetre-devient-tendance-et-voici-pourquoi\/\" \/>\n<meta property=\"og:locale\" content=\"fr_FR\" \/>\n<meta property=\"og:type\" content=\"article\" \/>\n<meta property=\"og:title\" content=\"La salle de bain sans fen\u00eatre devient tendance et voici pourquoi\" \/>\n<meta property=\"og:description\" content=\"D\u00e9couvrez comment am\u00e9nager une salle de bain sans fen\u00eatre, lumineuse et design gr\u00e2ce \u00e0 nos conseils en \u00e9clairage, ventilation et d\u00e9co.\" \/>\n<meta property=\"og:url\" content=\"https:\/\/www.lkeria.com\/actualites\/salle-de-bain\/la-salle-de-bain-sans-fenetre-devient-tendance-et-voici-pourquoi\/\" \/>\n<meta property=\"og:site_name\" content=\"Actualit\u00e9 de l&#039;immobilier et le logement en Alg\u00e9rie\" \/>\n<meta property=\"article:publisher\" content=\"https:\/\/www.facebook.com\/lkeriacom\" \/>\n<meta property=\"article:published_time\" content=\"2025-06-30T13:53:53+00:00\" \/>\n<meta property=\"og:image\" content=\"https:\/\/www.lkeria.com\/actualites\/wp-content\/uploads\/2025\/06\/salle-de-bain-sans-fenetre.webp\" \/>\n\t<meta property=\"og:image:width\" content=\"1200\" \/>\n\t<meta property=\"og:image:height\" content=\"900\" \/>\n\t<meta property=\"og:image:type\" content=\"image\/webp\" \/>\n<meta name=\"author\" content=\"Lotfi Ramdani\" \/>\n<meta name=\"twitter:card\" content=\"summary_large_image\" \/>\n<meta name=\"twitter:creator\" content=\"@lkeriacom\" \/>\n<meta name=\"twitter:site\" content=\"@lkeriacom\" \/>\n<meta name=\"twitter:label1\" content=\"\u00c9crit par\" \/>\n\t<meta name=\"twitter:data1\" content=\"Lotfi Ramdani\" \/>\n\t<meta name=\"twitter:label2\" content=\"Dur\u00e9e de lecture estim\u00e9e\" \/>\n\t<meta name=\"twitter:data2\" content=\"3 minutes\" \/>\n<!-- \/ Yoast SEO plugin. -->","yoast_head_json":{"title":"La salle de bain sans fen\u00eatre devient tendance et voici pourquoi","description":"D\u00e9couvrez comment am\u00e9nager une salle de bain sans fen\u00eatre, lumineuse et design gr\u00e2ce \u00e0 nos conseils en \u00e9clairage, ventilation et d\u00e9co.","robots":{"index":"index","follow":"follow","max-snippet":"max-snippet:-1","max-image-preview":"max-image-preview:large","max-video-preview":"max-video-preview:-1"},"canonical":"https:\/\/www.lkeria.com\/actualites\/salle-de-bain\/la-salle-de-bain-sans-fenetre-devient-tendance-et-voici-pourquoi\/","og_locale":"fr_FR","og_type":"article","og_title":"La salle de bain sans fen\u00eatre devient tendance et voici pourquoi","og_description":"D\u00e9couvrez comment am\u00e9nager une salle de bain sans fen\u00eatre, lumineuse et design gr\u00e2ce \u00e0 nos conseils en \u00e9clairage, ventilation et d\u00e9co.","og_url":"https:\/\/www.lkeria.com\/actualites\/salle-de-bain\/la-salle-de-bain-sans-fenetre-devient-tendance-et-voici-pourquoi\/","og_site_name":"Actualit\u00e9 de l&#039;immobilier et le logement en Alg\u00e9rie","article_publisher":"https:\/\/www.facebook.com\/lkeriacom","article_published_time":"2025-06-30T13:53:53+00:00","og_image":[{"width":1200,"height":900,"url":"https:\/\/www.lkeria.com\/actualites\/wp-content\/uploads\/2025\/06\/salle-de-bain-sans-fenetre.webp","type":"image\/webp"}],"author":"Lotfi Ramdani","twitter_card":"summary_large_image","twitter_creator":"@lkeriacom","twitter_site":"@lkeriacom","twitter_misc":{"\u00c9crit par":"Lotfi Ramdani","Dur\u00e9e de lecture estim\u00e9e":"3 minutes"},"schema":{"@context":"https:\/\/schema.org","@graph":[{"@type":"Article","@id":"https:\/\/www.lkeria.com\/actualites\/salle-de-bain\/la-salle-de-bain-sans-fenetre-devient-tendance-et-voici-pourquoi\/#article","isPartOf":{"@id":"https:\/\/www.lkeria.com\/actualites\/salle-de-bain\/la-salle-de-bain-sans-fenetre-devient-tendance-et-voici-pourquoi\/"},"author":{"name":"Lotfi Ramdani","@id":"https:\/\/www.lkeria.com\/actualites\/#\/schema\/person\/3a4da2e91b49098351a6c1a04c231e06"},"headline":"La salle de bain sans fen\u00eatre devient tendance et voici pourquoi","datePublished":"2025-06-30T13:53:53+00:00","mainEntityOfPage":{"@id":"https:\/\/www.lkeria.com\/actualites\/salle-de-bain\/la-salle-de-bain-sans-fenetre-devient-tendance-et-voici-pourquoi\/"},"wordCount":530,"commentCount":0,"publisher":{"@id":"https:\/\/www.lkeria.com\/actualites\/#organization"},"image":{"@id":"https:\/\/www.lkeria.com\/actualites\/salle-de-bain\/la-salle-de-bain-sans-fenetre-devient-tendance-et-voici-pourquoi\/#primaryimage"},"thumbnailUrl":"https:\/\/www.lkeria.com\/actualites\/wp-content\/uploads\/2025\/06\/salle-de-bain-sans-fenetre.webp","keywords":["une"],"articleSection":["salle de bain"],"inLanguage":"fr-FR","potentialAction":[{"@type":"CommentAction","name":"Comment","target":["https:\/\/www.lkeria.com\/actualites\/salle-de-bain\/la-salle-de-bain-sans-fenetre-devient-tendance-et-voici-pourquoi\/#respond"]}]},{"@type":"WebPage","@id":"https:\/\/www.lkeria.com\/actualites\/salle-de-bain\/la-salle-de-bain-sans-fenetre-devient-tendance-et-voici-pourquoi\/","url":"https:\/\/www.lkeria.com\/actualites\/salle-de-bain\/la-salle-de-bain-sans-fenetre-devient-tendance-et-voici-pourquoi\/","name":"La salle de bain sans fen\u00eatre devient tendance et voici pourquoi","isPartOf":{"@id":"https:\/\/www.lkeria.com\/actualites\/#website"},"primaryImageOfPage":{"@id":"https:\/\/www.lkeria.com\/actualites\/salle-de-bain\/la-salle-de-bain-sans-fenetre-devient-tendance-et-voici-pourquoi\/#primaryimage"},"image":{"@id":"https:\/\/www.lkeria.com\/actualites\/salle-de-bain\/la-salle-de-bain-sans-fenetre-devient-tendance-et-voici-pourquoi\/#primaryimage"},"thumbnailUrl":"https:\/\/www.lkeria.com\/actualites\/wp-content\/uploads\/2025\/06\/salle-de-bain-sans-fenetre.webp","datePublished":"2025-06-30T13:53:53+00:00","description":"D\u00e9couvrez comment am\u00e9nager une salle de bain sans fen\u00eatre, lumineuse et design gr\u00e2ce \u00e0 nos conseils en \u00e9clairage, ventilation et d\u00e9co.","breadcrumb":{"@id":"https:\/\/www.lkeria.com\/actualites\/salle-de-bain\/la-salle-de-bain-sans-fenetre-devient-tendance-et-voici-pourquoi\/#breadcrumb"},"inLanguage":"fr-FR","potentialAction":[{"@type":"ReadAction","target":["https:\/\/www.lkeria.com\/actualites\/salle-de-bain\/la-salle-de-bain-sans-fenetre-devient-tendance-et-voici-pourquoi\/"]}]},{"@type":"ImageObject","inLanguage":"fr-FR","@id":"https:\/\/www.lkeria.com\/actualites\/salle-de-bain\/la-salle-de-bain-sans-fenetre-devient-tendance-et-voici-pourquoi\/#primaryimage","url":"https:\/\/www.lkeria.com\/actualites\/wp-content\/uploads\/2025\/06\/salle-de-bain-sans-fenetre.webp","contentUrl":"https:\/\/www.lkeria.com\/actualites\/wp-content\/uploads\/2025\/06\/salle-de-bain-sans-fenetre.webp","width":1200,"height":900,"caption":"salle de bain sans fen\u00eatre"},{"@type":"BreadcrumbList","@id":"https:\/\/www.lkeria.com\/actualites\/salle-de-bain\/la-salle-de-bain-sans-fenetre-devient-tendance-et-voici-pourquoi\/#breadcrumb","itemListElement":[{"@type":"ListItem","position":1,"name":"Accueil","item":"https:\/\/www.lkeria.com\/actualites\/"},{"@type":"ListItem","position":2,"name":"La salle de bain sans fen\u00eatre devient tendance et voici pourquoi"}]},{"@type":"WebSite","@id":"https:\/\/www.lkeria.com\/actualites\/#website","url":"https:\/\/www.lkeria.com\/actualites\/","name":"Actualit\u00e9 de l&#039;immobilier et le logement en Alg\u00e9rie","description":"logement et annonces immobili\u00e8res","publisher":{"@id":"https:\/\/www.lkeria.com\/actualites\/#organization"},"potentialAction":[{"@type":"SearchAction","target":{"@type":"EntryPoint","urlTemplate":"https:\/\/www.lkeria.com\/actualites\/?s={search_term_string}"},"query-input":{"@type":"PropertyValueSpecification","valueRequired":true,"valueName":"search_term_string"}}],"inLanguage":"fr-FR"},{"@type":"Organization","@id":"https:\/\/www.lkeria.com\/actualites\/#organization","name":"Lkeria","url":"https:\/\/www.lkeria.com\/actualites\/","logo":{"@type":"ImageObject","inLanguage":"fr-FR","@id":"https:\/\/www.lkeria.com\/actualites\/#\/schema\/logo\/image\/","url":"https:\/\/www.lkeria.com\/actualites\/wp-content\/uploads\/2020\/07\/logo-lkeria.png","contentUrl":"https:\/\/www.lkeria.com\/actualites\/wp-content\/uploads\/2020\/07\/logo-lkeria.png","width":200,"height":72,"caption":"Lkeria"},"image":{"@id":"https:\/\/www.lkeria.com\/actualites\/#\/schema\/logo\/image\/"},"sameAs":["https:\/\/www.facebook.com\/lkeriacom","https:\/\/x.com\/lkeriacom"]},{"@type":"Person","@id":"https:\/\/www.lkeria.com\/actualites\/#\/schema\/person\/3a4da2e91b49098351a6c1a04c231e06","name":"Lotfi Ramdani","image":{"@type":"ImageObject","inLanguage":"fr-FR","@id":"https:\/\/secure.gravatar.com\/avatar\/769db425c6f465158149f1ffd6cf61ce7a8a879d11dfbef8288af36dfddd418c?s=96&d=mm&r=g","url":"https:\/\/secure.gravatar.com\/avatar\/769db425c6f465158149f1ffd6cf61ce7a8a879d11dfbef8288af36dfddd418c?s=96&d=mm&r=g","contentUrl":"https:\/\/secure.gravatar.com\/avatar\/769db425c6f465158149f1ffd6cf61ce7a8a879d11dfbef8288af36dfddd418c?s=96&d=mm&r=g","caption":"Lotfi Ramdani"},"url":"https:\/\/www.lkeria.com\/actualites\/author\/chakib32gmail-com\/"}]}},"amp_enabled":true,"_links":{"self":[{"href":"https:\/\/www.lkeria.com\/actualites\/wp-json\/wp\/v2\/posts\/8100","targetHints":{"allow":["GET"]}}],"collection":[{"href":"https:\/\/www.lkeria.com\/actualites\/wp-json\/wp\/v2\/posts"}],"about":[{"href":"https:\/\/www.lkeria.com\/actualites\/wp-json\/wp\/v2\/types\/post"}],"author":[{"embeddable":true,"href":"https:\/\/www.lkeria.com\/actualites\/wp-json\/wp\/v2\/users\/1"}],"replies":[{"embeddable":true,"href":"https:\/\/www.lkeria.com\/actualites\/wp-json\/wp\/v2\/comments?post=8100"}],"version-history":[{"count":5,"href":"https:\/\/www.lkeria.com\/actualites\/wp-json\/wp\/v2\/posts\/8100\/revisions"}],"predecessor-version":[{"id":8113,"href":"https:\/\/www.lkeria.com\/actualites\/wp-json\/wp\/v2\/posts\/8100\/revisions\/8113"}],"wp:featuredmedia":[{"embeddable":true,"href":"https:\/\/www.lkeria.com\/actualites\/wp-json\/wp\/v2\/media\/8109"}],"wp:attachment":[{"href":"https:\/\/www.lkeria.com\/actualites\/wp-json\/wp\/v2\/media?parent=8100"}],"wp:term":[{"taxonomy":"category","embeddable":true,"href":"https:\/\/www.lkeria.com\/actualites\/wp-json\/wp\/v2\/categories?post=8100"},{"taxonomy":"post_tag","embeddable":true,"href":"https:\/\/www.lkeria.com\/actualites\/wp-json\/wp\/v2\/tags?post=8100"}],"curies":[{"name":"wp","href":"https:\/\/api.w.org\/{rel}","templated":true}]}}