{"id":5892,"date":"2021-10-10T01:57:55","date_gmt":"2021-10-09T23:57:55","guid":{"rendered":"https:\/\/www.lkeria.com\/actualites\/?p=5892"},"modified":"2021-10-10T01:57:57","modified_gmt":"2021-10-09T23:57:57","slug":"le-dg-de-laadl-en-visite-a-mostaganem-et-oran","status":"publish","type":"post","link":"https:\/\/www.lkeria.com\/actualites\/aadl\/le-dg-de-laadl-en-visite-a-mostaganem-et-oran\/","title":{"rendered":"Le DG de l\u2019AADL en visite \u00e0 Mostaganem et Oran"},"content":{"rendered":"\n<p><strong>Le directeur g\u00e9n\u00e9ral de l&rsquo;agence nationale pour l&rsquo;am\u00e9lioration et le d\u00e9veloppement du logement AADL a inspect\u00e9 le samedi 10 octobre, les <a href=\"https:\/\/www.lkeria.com\/annonces\/immobilier\/promotionnel-algerie\">projets de logement<\/a> de la formule location-vente, dans les wilayas de Mostaganem et Oran <\/strong>;<strong> o\u00f9 il \u00e9tait accompagn\u00e9 par le directeur r\u00e9gional de l&rsquo;AADL d&rsquo;Oran.<\/strong><\/p>\n\n\n\n<p>Le DG de l\u2019AADL a entam\u00e9 sa visite par la visite des logements achev\u00e9 ; des sites 1200 logements Mazagran et 1200 logements Sayada, dont les travaux de r\u00e9alisation ; ont \u00e9t\u00e9 lanc\u00e9s ; fin 2020.<\/p>\n\n\n\n<p>Par ailleurs, Monsieur Zitouni a instruit les responsables de ces sites afin d&rsquo;acc\u00e9l\u00e9rer le rythme des travaux d\u2019am\u00e9nagement ext\u00e9rieur en recourant au syst\u00e8me de rotation 8&#215;2, tout en veillant \u00e0 la qualit\u00e9 des \u00a0travaux \u00a0et \u00e0 la coordination entre les diff\u00e9rents intervenants sur les deux projets.<\/p>\n\n\n\n<p>Dans le m\u00eame contexte, Monsieur Zitouni a ordonn\u00e9 aussi aux chefs de projets d&rsquo;inspecter les logements pour s&rsquo;assurer de leur qualit\u00e9.<\/p>\n\n\n\n<p>A Oran, le DG de l\u2019AADL a inspect\u00e9 \u00e9galement le rythme des travaux de r\u00e9alisation du projet 3665 logements LV ; du p\u00f4le urbain Ahmed Zabana, en insistant sur la n\u00e9cessit\u00e9 de renforcer davantage ; les chantiers d\u2019am\u00e9nagements ext\u00e9rieurs en main <a href=\"https:\/\/www.facebook.com\/DGAadl\/photos\/pcb.4767527969956604\/4767435029965898\">d&rsquo;\u0153uvre <\/a>et de rallonger les horaires de travail. Dans le m\u00eame contexte, l&rsquo;\u00e9tablissement de r\u00e9alisation a sign\u00e9 un rapport dans lequel il s&rsquo;engage \u00e0 respecter les d\u00e9lais.<\/p>\n\n\n\n<p>Enfin, la visite d&rsquo;inspection du directeur g\u00e9n\u00e9ral de<strong> l&rsquo;agence nationale ;<\/strong> <strong>pour l&rsquo;am\u00e9lioration et le d\u00e9veloppement du logement AADL<\/strong> \u00e0 la wilaya de Mostaganem et d&rsquo;Oran ; intervient \u00e0 la veille d&rsquo;une grande op\u00e9ration de distribution de logements de type location vente \u00e0 travers le territoire national. <\/p>\n","protected":false},"excerpt":{"rendered":"<p>Le directeur g\u00e9n\u00e9ral de l&rsquo;agence nationale pour l&rsquo;am\u00e9lioration et le d\u00e9veloppement du logement AADL a inspect\u00e9 le samedi 10 octobre, les projets de logement de la formule location-vente, dans les wilayas de Mostaganem et Oran ; o\u00f9 il \u00e9tait accompagn\u00e9 par le directeur r\u00e9gional de l&rsquo;AADL d&rsquo;Oran. Le DG de l\u2019AADL a entam\u00e9 sa visite [&hellip;]<\/p>\n","protected":false},"author":1,"featured_media":5893,"comment_status":"open","ping_status":"open","sticky":false,"template":"","format":"standard","meta":{"footnotes":""},"categories":[219],"tags":[416,31,272,626,25,239],"class_list":["post-5892","post","type-post","status-publish","format-standard","has-post-thumbnail","hentry","category-aadl","tag-dg-aadl","tag-location-vente","tag-logement-lv","tag-mostaganem","tag-oran","tag-une"],"yoast_head":"<!-- This site is optimized with the Yoast SEO plugin v27.4 - https:\/\/yoast.com\/product\/yoast-seo-wordpress\/ -->\n<title>Le DG de l\u2019AADL en visite \u00e0 Mostaganem et Oran - Actualit\u00e9 de l&#039;immobilier et le logement en Alg\u00e9rie<\/title>\n<meta name=\"description\" content=\"Le DG de l&#039;AADL a inspect\u00e9 les projets de logement de la formule location-vente, dans les wilayas de Mostaganem et Oran, o\u00f9 il a donn\u00e9 des\" \/>\n<meta name=\"robots\" content=\"index, follow, max-snippet:-1, max-image-preview:large, max-video-preview:-1\" \/>\n<link rel=\"canonical\" href=\"https:\/\/www.lkeria.com\/actualites\/aadl\/le-dg-de-laadl-en-visite-a-mostaganem-et-oran\/\" \/>\n<meta property=\"og:locale\" content=\"fr_FR\" \/>\n<meta property=\"og:type\" content=\"article\" \/>\n<meta property=\"og:title\" content=\"Le DG de l\u2019AADL en visite \u00e0 Mostaganem et Oran - Actualit\u00e9 de l&#039;immobilier et le logement en Alg\u00e9rie\" \/>\n<meta property=\"og:description\" content=\"Le DG de l&#039;AADL a inspect\u00e9 les projets de logement de la formule location-vente, dans les wilayas de Mostaganem et Oran, o\u00f9 il a donn\u00e9 des\" \/>\n<meta property=\"og:url\" content=\"https:\/\/www.lkeria.com\/actualites\/aadl\/le-dg-de-laadl-en-visite-a-mostaganem-et-oran\/\" \/>\n<meta property=\"og:site_name\" content=\"Actualit\u00e9 de l&#039;immobilier et le logement en Alg\u00e9rie\" \/>\n<meta property=\"article:publisher\" content=\"https:\/\/www.facebook.com\/lkeriacom\" \/>\n<meta property=\"article:published_time\" content=\"2021-10-09T23:57:55+00:00\" \/>\n<meta property=\"article:modified_time\" content=\"2021-10-09T23:57:57+00:00\" \/>\n<meta property=\"og:image\" content=\"https:\/\/www.lkeria.com\/actualites\/wp-content\/uploads\/2021\/10\/dg-aadl-en-visite-a-mostaganem-et-oran.jpg\" \/>\n\t<meta property=\"og:image:width\" content=\"2048\" \/>\n\t<meta property=\"og:image:height\" content=\"1536\" \/>\n\t<meta property=\"og:image:type\" content=\"image\/jpeg\" \/>\n<meta name=\"author\" content=\"Lotfi Ramdani\" \/>\n<meta name=\"twitter:card\" content=\"summary_large_image\" \/>\n<meta name=\"twitter:creator\" content=\"@lkeriacom\" \/>\n<meta name=\"twitter:site\" content=\"@lkeriacom\" \/>\n<meta name=\"twitter:label1\" content=\"\u00c9crit par\" \/>\n\t<meta name=\"twitter:data1\" content=\"Lotfi Ramdani\" \/>\n\t<meta name=\"twitter:label2\" content=\"Dur\u00e9e de lecture estim\u00e9e\" \/>\n\t<meta name=\"twitter:data2\" content=\"2 minutes\" \/>\n<!-- \/ Yoast SEO plugin. -->","yoast_head_json":{"title":"Le DG de l\u2019AADL en visite \u00e0 Mostaganem et Oran - Actualit\u00e9 de l&#039;immobilier et le logement en Alg\u00e9rie","description":"Le DG de l'AADL a inspect\u00e9 les projets de logement de la formule location-vente, dans les wilayas de Mostaganem et Oran, o\u00f9 il a donn\u00e9 des","robots":{"index":"index","follow":"follow","max-snippet":"max-snippet:-1","max-image-preview":"max-image-preview:large","max-video-preview":"max-video-preview:-1"},"canonical":"https:\/\/www.lkeria.com\/actualites\/aadl\/le-dg-de-laadl-en-visite-a-mostaganem-et-oran\/","og_locale":"fr_FR","og_type":"article","og_title":"Le DG de l\u2019AADL en visite \u00e0 Mostaganem et Oran - Actualit\u00e9 de l&#039;immobilier et le logement en Alg\u00e9rie","og_description":"Le DG de l'AADL a inspect\u00e9 les projets de logement de la formule location-vente, dans les wilayas de Mostaganem et Oran, o\u00f9 il a donn\u00e9 des","og_url":"https:\/\/www.lkeria.com\/actualites\/aadl\/le-dg-de-laadl-en-visite-a-mostaganem-et-oran\/","og_site_name":"Actualit\u00e9 de l&#039;immobilier et le logement en Alg\u00e9rie","article_publisher":"https:\/\/www.facebook.com\/lkeriacom","article_published_time":"2021-10-09T23:57:55+00:00","article_modified_time":"2021-10-09T23:57:57+00:00","og_image":[{"width":2048,"height":1536,"url":"https:\/\/www.lkeria.com\/actualites\/wp-content\/uploads\/2021\/10\/dg-aadl-en-visite-a-mostaganem-et-oran.jpg","type":"image\/jpeg"}],"author":"Lotfi Ramdani","twitter_card":"summary_large_image","twitter_creator":"@lkeriacom","twitter_site":"@lkeriacom","twitter_misc":{"\u00c9crit par":"Lotfi Ramdani","Dur\u00e9e de lecture estim\u00e9e":"2 minutes"},"schema":{"@context":"https:\/\/schema.org","@graph":[{"@type":"Article","@id":"https:\/\/www.lkeria.com\/actualites\/aadl\/le-dg-de-laadl-en-visite-a-mostaganem-et-oran\/#article","isPartOf":{"@id":"https:\/\/www.lkeria.com\/actualites\/aadl\/le-dg-de-laadl-en-visite-a-mostaganem-et-oran\/"},"author":{"name":"Lotfi Ramdani","@id":"https:\/\/www.lkeria.com\/actualites\/#\/schema\/person\/3a4da2e91b49098351a6c1a04c231e06"},"headline":"Le DG de l\u2019AADL en visite \u00e0 Mostaganem et Oran","datePublished":"2021-10-09T23:57:55+00:00","dateModified":"2021-10-09T23:57:57+00:00","mainEntityOfPage":{"@id":"https:\/\/www.lkeria.com\/actualites\/aadl\/le-dg-de-laadl-en-visite-a-mostaganem-et-oran\/"},"wordCount":302,"commentCount":1,"publisher":{"@id":"https:\/\/www.lkeria.com\/actualites\/#organization"},"image":{"@id":"https:\/\/www.lkeria.com\/actualites\/aadl\/le-dg-de-laadl-en-visite-a-mostaganem-et-oran\/#primaryimage"},"thumbnailUrl":"https:\/\/www.lkeria.com\/actualites\/wp-content\/uploads\/2021\/10\/dg-aadl-en-visite-a-mostaganem-et-oran.jpg","keywords":["DG aadl","location vente","logement LV","mostaganem","oran","une"],"articleSection":["AADL"],"inLanguage":"fr-FR","potentialAction":[{"@type":"CommentAction","name":"Comment","target":["https:\/\/www.lkeria.com\/actualites\/aadl\/le-dg-de-laadl-en-visite-a-mostaganem-et-oran\/#respond"]}]},{"@type":"WebPage","@id":"https:\/\/www.lkeria.com\/actualites\/aadl\/le-dg-de-laadl-en-visite-a-mostaganem-et-oran\/","url":"https:\/\/www.lkeria.com\/actualites\/aadl\/le-dg-de-laadl-en-visite-a-mostaganem-et-oran\/","name":"Le DG de l\u2019AADL en visite \u00e0 Mostaganem et Oran - Actualit\u00e9 de l&#039;immobilier et le logement en Alg\u00e9rie","isPartOf":{"@id":"https:\/\/www.lkeria.com\/actualites\/#website"},"primaryImageOfPage":{"@id":"https:\/\/www.lkeria.com\/actualites\/aadl\/le-dg-de-laadl-en-visite-a-mostaganem-et-oran\/#primaryimage"},"image":{"@id":"https:\/\/www.lkeria.com\/actualites\/aadl\/le-dg-de-laadl-en-visite-a-mostaganem-et-oran\/#primaryimage"},"thumbnailUrl":"https:\/\/www.lkeria.com\/actualites\/wp-content\/uploads\/2021\/10\/dg-aadl-en-visite-a-mostaganem-et-oran.jpg","datePublished":"2021-10-09T23:57:55+00:00","dateModified":"2021-10-09T23:57:57+00:00","description":"Le DG de l'AADL a inspect\u00e9 les projets de logement de la formule location-vente, dans les wilayas de Mostaganem et Oran, o\u00f9 il a donn\u00e9 des","breadcrumb":{"@id":"https:\/\/www.lkeria.com\/actualites\/aadl\/le-dg-de-laadl-en-visite-a-mostaganem-et-oran\/#breadcrumb"},"inLanguage":"fr-FR","potentialAction":[{"@type":"ReadAction","target":["https:\/\/www.lkeria.com\/actualites\/aadl\/le-dg-de-laadl-en-visite-a-mostaganem-et-oran\/"]}]},{"@type":"ImageObject","inLanguage":"fr-FR","@id":"https:\/\/www.lkeria.com\/actualites\/aadl\/le-dg-de-laadl-en-visite-a-mostaganem-et-oran\/#primaryimage","url":"https:\/\/www.lkeria.com\/actualites\/wp-content\/uploads\/2021\/10\/dg-aadl-en-visite-a-mostaganem-et-oran.jpg","contentUrl":"https:\/\/www.lkeria.com\/actualites\/wp-content\/uploads\/2021\/10\/dg-aadl-en-visite-a-mostaganem-et-oran.jpg","width":2048,"height":1536,"caption":"DG de l\u2019AADL en visite \u00e0 Mostaganem et Oran"},{"@type":"BreadcrumbList","@id":"https:\/\/www.lkeria.com\/actualites\/aadl\/le-dg-de-laadl-en-visite-a-mostaganem-et-oran\/#breadcrumb","itemListElement":[{"@type":"ListItem","position":1,"name":"Accueil","item":"https:\/\/www.lkeria.com\/actualites\/"},{"@type":"ListItem","position":2,"name":"Le DG de l\u2019AADL en visite \u00e0 Mostaganem et Oran"}]},{"@type":"WebSite","@id":"https:\/\/www.lkeria.com\/actualites\/#website","url":"https:\/\/www.lkeria.com\/actualites\/","name":"Actualit\u00e9 de l&#039;immobilier et le logement en Alg\u00e9rie","description":"logement et annonces immobili\u00e8res","publisher":{"@id":"https:\/\/www.lkeria.com\/actualites\/#organization"},"potentialAction":[{"@type":"SearchAction","target":{"@type":"EntryPoint","urlTemplate":"https:\/\/www.lkeria.com\/actualites\/?s={search_term_string}"},"query-input":{"@type":"PropertyValueSpecification","valueRequired":true,"valueName":"search_term_string"}}],"inLanguage":"fr-FR"},{"@type":"Organization","@id":"https:\/\/www.lkeria.com\/actualites\/#organization","name":"Lkeria","url":"https:\/\/www.lkeria.com\/actualites\/","logo":{"@type":"ImageObject","inLanguage":"fr-FR","@id":"https:\/\/www.lkeria.com\/actualites\/#\/schema\/logo\/image\/","url":"https:\/\/www.lkeria.com\/actualites\/wp-content\/uploads\/2020\/07\/logo-lkeria.png","contentUrl":"https:\/\/www.lkeria.com\/actualites\/wp-content\/uploads\/2020\/07\/logo-lkeria.png","width":200,"height":72,"caption":"Lkeria"},"image":{"@id":"https:\/\/www.lkeria.com\/actualites\/#\/schema\/logo\/image\/"},"sameAs":["https:\/\/www.facebook.com\/lkeriacom","https:\/\/x.com\/lkeriacom"]},{"@type":"Person","@id":"https:\/\/www.lkeria.com\/actualites\/#\/schema\/person\/3a4da2e91b49098351a6c1a04c231e06","name":"Lotfi Ramdani","image":{"@type":"ImageObject","inLanguage":"fr-FR","@id":"https:\/\/secure.gravatar.com\/avatar\/769db425c6f465158149f1ffd6cf61ce7a8a879d11dfbef8288af36dfddd418c?s=96&d=mm&r=g","url":"https:\/\/secure.gravatar.com\/avatar\/769db425c6f465158149f1ffd6cf61ce7a8a879d11dfbef8288af36dfddd418c?s=96&d=mm&r=g","contentUrl":"https:\/\/secure.gravatar.com\/avatar\/769db425c6f465158149f1ffd6cf61ce7a8a879d11dfbef8288af36dfddd418c?s=96&d=mm&r=g","caption":"Lotfi Ramdani"},"url":"https:\/\/www.lkeria.com\/actualites\/author\/chakib32gmail-com\/"}]}},"amp_enabled":true,"_links":{"self":[{"href":"https:\/\/www.lkeria.com\/actualites\/wp-json\/wp\/v2\/posts\/5892","targetHints":{"allow":["GET"]}}],"collection":[{"href":"https:\/\/www.lkeria.com\/actualites\/wp-json\/wp\/v2\/posts"}],"about":[{"href":"https:\/\/www.lkeria.com\/actualites\/wp-json\/wp\/v2\/types\/post"}],"author":[{"embeddable":true,"href":"https:\/\/www.lkeria.com\/actualites\/wp-json\/wp\/v2\/users\/1"}],"replies":[{"embeddable":true,"href":"https:\/\/www.lkeria.com\/actualites\/wp-json\/wp\/v2\/comments?post=5892"}],"version-history":[{"count":1,"href":"https:\/\/www.lkeria.com\/actualites\/wp-json\/wp\/v2\/posts\/5892\/revisions"}],"predecessor-version":[{"id":5894,"href":"https:\/\/www.lkeria.com\/actualites\/wp-json\/wp\/v2\/posts\/5892\/revisions\/5894"}],"wp:featuredmedia":[{"embeddable":true,"href":"https:\/\/www.lkeria.com\/actualites\/wp-json\/wp\/v2\/media\/5893"}],"wp:attachment":[{"href":"https:\/\/www.lkeria.com\/actualites\/wp-json\/wp\/v2\/media?parent=5892"}],"wp:term":[{"taxonomy":"category","embeddable":true,"href":"https:\/\/www.lkeria.com\/actualites\/wp-json\/wp\/v2\/categories?post=5892"},{"taxonomy":"post_tag","embeddable":true,"href":"https:\/\/www.lkeria.com\/actualites\/wp-json\/wp\/v2\/tags?post=5892"}],"curies":[{"name":"wp","href":"https:\/\/api.w.org\/{rel}","templated":true}]}}