{"id":5154,"date":"2021-02-03T12:19:05","date_gmt":"2021-02-03T11:19:05","guid":{"rendered":"https:\/\/www.lkeria.com\/actualites\/?p=5154"},"modified":"2021-02-04T12:35:43","modified_gmt":"2021-02-04T11:35:43","slug":"logement-locatif-promotionnel-concertation","status":"publish","type":"post","link":"https:\/\/www.lkeria.com\/actualites\/logement\/logement-locatif-promotionnel-concertation\/","title":{"rendered":"Logement locatif promotionnel : vers le lancement d\u2019une concertation avec les promoteurs"},"content":{"rendered":"\n<p>Le minist\u00e8re de l\u2019Habitat, de l\u2019Urbanisme et de la ville lancera bient\u00f4t des consultations avec les promoteurs immobiliers ; des quarante huit (48) wilayas du pays pour discuter de la participation des promoteurs immobiliers ; \u00e0 la nouvelle formule du logement promotionnel locatif.<\/p>\n\n\n\n<p>En effet, le Ministre de l\u2019Habitat, de l\u2019Urbanisme et de la Ville, Monsieur Kamel Nasri, l\u2019avait annonc\u00e9 ; dans sa r\u00e9ponse \u00e0 une question d\u2019un journaliste, li\u00e9e \u00e0 l&rsquo;\u00e9volution de cette nouvelle formule de logement locatif.<\/p>\n\n\n\n<p>A cet effet, le ministre de l\u2019habitat M. Kamel Nasri avait pr\u00e9cis\u00e9 que cette nouvelle formule de logement promotionnel locatif ; se fera en concertation avec les 9000 <a href=\"https:\/\/www.lkeria.com\/annonces\/immobilier\/promotionnel-algerie\">promoteurs immobiliers<\/a> priv\u00e9s agr\u00e9\u00e9s par le minist\u00e8re ; ainsi qu\u2019avec les divers acteurs et intervenants dans ce domaine.<\/p>\n\n\n\n<p>Lors d&rsquo;une conf\u00e9rence de presse organis\u00e9e ; \u00e0 l&rsquo;issue de la r\u00e9union d&rsquo;\u00e9valuation consacr\u00e9e \u00e0 la pr\u00e9sentation des r\u00e9sultats des activit\u00e9s du secteur pour l&rsquo;ann\u00e9e 2020 ;  Kamal Nasri, avait indiqu\u00e9 que le march\u00e9 locatif des particuliers connaissait une hausse significative des loyers ; ce qui ne permet pas au simple citoyen d\u2019y acc\u00e9der facilement ; poussant le gouvernement \u00e0 r\u00e9fl\u00e9chir \u00e0 des formules plus appropri\u00e9es.<\/p>\n\n\n\n<p>Selon le <a href=\"https:\/\/www.facebook.com\/MHUV.GOV\">ministre<\/a>, les promoteurs immobiliers font face \u00e0 de multiples contraintes&nbsp;; li\u00e9es entre autre au cr\u00e9dit bancaire, en plus du probl\u00e8me de la p\u00e9nurie des <a href=\"https:\/\/www.lkeria.com\/annonces\/immobilier\/vente\/terrain\">assiettes fonci\u00e8res<\/a>.<\/p>\n\n\n\n<p>Pour rappel, le minist\u00e8re de l&rsquo;habitat avait pos\u00e9 l&rsquo;ancrage juridique du&nbsp; logement locatif promotionnel ; dans la loi de finances pour 2019, consid\u00e9r\u00e9 comme un projet immobilier d\u2019int\u00e9r\u00eat public ; selon l\u2019article 41 de cette loi.<\/p>\n\n\n\n<p>A ce titre, cette formule b\u00e9n\u00e9ficie de l\u2019aide de l\u2019Etat notamment, les abattements sur la cession du terrain et les bonifications des cr\u00e9dits bancaires.<\/p>\n","protected":false},"excerpt":{"rendered":"<p>Le minist\u00e8re de l\u2019Habitat lancera bient\u00f4t des consultations avec les promoteurs immobiliers agr\u00e9\u00e9s pour discuter de leur participation \u00e0 la nouvelle formule du logement promotionnel locatif<\/p>\n","protected":false},"author":1,"featured_media":734,"comment_status":"open","ping_status":"open","sticky":false,"template":"","format":"standard","meta":{"footnotes":""},"categories":[229],"tags":[35,380,546,239],"class_list":["post-5154","post","type-post","status-publish","format-standard","has-post-thumbnail","hentry","category-logement","tag-llp","tag-promoteur-immobilier","tag-promotionnel-locatif","tag-une"],"yoast_head":"<!-- This site is optimized with the Yoast SEO plugin v27.5 - https:\/\/yoast.com\/product\/yoast-seo-wordpress\/ -->\n<title>Logement locatif promotionnel : vers le lancement d\u2019une concertation avec les promoteurs - Actualit\u00e9 de l&#039;immobilier et le logement en Alg\u00e9rie<\/title>\n<meta name=\"description\" content=\"Le minist\u00e8re de l\u2019Habitat lancera bient\u00f4t des consultations avec les promoteurs immobiliers sur la formule du logement locatif promotionnel.\" \/>\n<meta name=\"robots\" content=\"index, follow, max-snippet:-1, max-image-preview:large, max-video-preview:-1\" \/>\n<link rel=\"canonical\" href=\"https:\/\/www.lkeria.com\/actualites\/logement\/logement-locatif-promotionnel-concertation\/\" \/>\n<meta property=\"og:locale\" content=\"fr_FR\" \/>\n<meta property=\"og:type\" content=\"article\" \/>\n<meta property=\"og:title\" content=\"Logement locatif promotionnel : vers le lancement d\u2019une concertation avec les promoteurs - Actualit\u00e9 de l&#039;immobilier et le logement en Alg\u00e9rie\" \/>\n<meta property=\"og:description\" content=\"Le minist\u00e8re de l\u2019Habitat lancera bient\u00f4t des consultations avec les promoteurs immobiliers sur la formule du logement locatif promotionnel.\" \/>\n<meta property=\"og:url\" content=\"https:\/\/www.lkeria.com\/actualites\/logement\/logement-locatif-promotionnel-concertation\/\" \/>\n<meta property=\"og:site_name\" content=\"Actualit\u00e9 de l&#039;immobilier et le logement en Alg\u00e9rie\" \/>\n<meta property=\"article:publisher\" content=\"https:\/\/www.facebook.com\/lkeriacom\" \/>\n<meta property=\"article:published_time\" content=\"2021-02-03T11:19:05+00:00\" \/>\n<meta property=\"article:modified_time\" content=\"2021-02-04T11:35:43+00:00\" \/>\n<meta property=\"og:image\" content=\"https:\/\/www.lkeria.com\/actualites\/wp-content\/uploads\/2020\/07\/onpi-logo.png\" \/>\n\t<meta property=\"og:image:width\" content=\"874\" \/>\n\t<meta property=\"og:image:height\" content=\"750\" \/>\n\t<meta property=\"og:image:type\" content=\"image\/png\" \/>\n<meta name=\"author\" content=\"Lotfi Ramdani\" \/>\n<meta name=\"twitter:card\" content=\"summary_large_image\" \/>\n<meta name=\"twitter:creator\" content=\"@lkeriacom\" \/>\n<meta name=\"twitter:site\" content=\"@lkeriacom\" \/>\n<meta name=\"twitter:label1\" content=\"\u00c9crit par\" \/>\n\t<meta name=\"twitter:data1\" content=\"Lotfi Ramdani\" \/>\n\t<meta name=\"twitter:label2\" content=\"Dur\u00e9e de lecture estim\u00e9e\" \/>\n\t<meta name=\"twitter:data2\" content=\"2 minutes\" \/>\n<!-- \/ Yoast SEO plugin. -->","yoast_head_json":{"title":"Logement locatif promotionnel : vers le lancement d\u2019une concertation avec les promoteurs - Actualit\u00e9 de l&#039;immobilier et le logement en Alg\u00e9rie","description":"Le minist\u00e8re de l\u2019Habitat lancera bient\u00f4t des consultations avec les promoteurs immobiliers sur la formule du logement locatif promotionnel.","robots":{"index":"index","follow":"follow","max-snippet":"max-snippet:-1","max-image-preview":"max-image-preview:large","max-video-preview":"max-video-preview:-1"},"canonical":"https:\/\/www.lkeria.com\/actualites\/logement\/logement-locatif-promotionnel-concertation\/","og_locale":"fr_FR","og_type":"article","og_title":"Logement locatif promotionnel : vers le lancement d\u2019une concertation avec les promoteurs - Actualit\u00e9 de l&#039;immobilier et le logement en Alg\u00e9rie","og_description":"Le minist\u00e8re de l\u2019Habitat lancera bient\u00f4t des consultations avec les promoteurs immobiliers sur la formule du logement locatif promotionnel.","og_url":"https:\/\/www.lkeria.com\/actualites\/logement\/logement-locatif-promotionnel-concertation\/","og_site_name":"Actualit\u00e9 de l&#039;immobilier et le logement en Alg\u00e9rie","article_publisher":"https:\/\/www.facebook.com\/lkeriacom","article_published_time":"2021-02-03T11:19:05+00:00","article_modified_time":"2021-02-04T11:35:43+00:00","og_image":[{"width":874,"height":750,"url":"https:\/\/www.lkeria.com\/actualites\/wp-content\/uploads\/2020\/07\/onpi-logo.png","type":"image\/png"}],"author":"Lotfi Ramdani","twitter_card":"summary_large_image","twitter_creator":"@lkeriacom","twitter_site":"@lkeriacom","twitter_misc":{"\u00c9crit par":"Lotfi Ramdani","Dur\u00e9e de lecture estim\u00e9e":"2 minutes"},"schema":{"@context":"https:\/\/schema.org","@graph":[{"@type":"Article","@id":"https:\/\/www.lkeria.com\/actualites\/logement\/logement-locatif-promotionnel-concertation\/#article","isPartOf":{"@id":"https:\/\/www.lkeria.com\/actualites\/logement\/logement-locatif-promotionnel-concertation\/"},"author":{"name":"Lotfi Ramdani","@id":"https:\/\/www.lkeria.com\/actualites\/#\/schema\/person\/3a4da2e91b49098351a6c1a04c231e06"},"headline":"Logement locatif promotionnel : vers le lancement d\u2019une concertation avec les promoteurs","datePublished":"2021-02-03T11:19:05+00:00","dateModified":"2021-02-04T11:35:43+00:00","mainEntityOfPage":{"@id":"https:\/\/www.lkeria.com\/actualites\/logement\/logement-locatif-promotionnel-concertation\/"},"wordCount":321,"commentCount":2,"publisher":{"@id":"https:\/\/www.lkeria.com\/actualites\/#organization"},"image":{"@id":"https:\/\/www.lkeria.com\/actualites\/logement\/logement-locatif-promotionnel-concertation\/#primaryimage"},"thumbnailUrl":"https:\/\/www.lkeria.com\/actualites\/wp-content\/uploads\/2020\/07\/onpi-logo.png","keywords":["llp","promoteur immobilier","promotionnel locatif","une"],"articleSection":["Logement"],"inLanguage":"fr-FR","potentialAction":[{"@type":"CommentAction","name":"Comment","target":["https:\/\/www.lkeria.com\/actualites\/logement\/logement-locatif-promotionnel-concertation\/#respond"]}]},{"@type":"WebPage","@id":"https:\/\/www.lkeria.com\/actualites\/logement\/logement-locatif-promotionnel-concertation\/","url":"https:\/\/www.lkeria.com\/actualites\/logement\/logement-locatif-promotionnel-concertation\/","name":"Logement locatif promotionnel : vers le lancement d\u2019une concertation avec les promoteurs - Actualit\u00e9 de l&#039;immobilier et le logement en Alg\u00e9rie","isPartOf":{"@id":"https:\/\/www.lkeria.com\/actualites\/#website"},"primaryImageOfPage":{"@id":"https:\/\/www.lkeria.com\/actualites\/logement\/logement-locatif-promotionnel-concertation\/#primaryimage"},"image":{"@id":"https:\/\/www.lkeria.com\/actualites\/logement\/logement-locatif-promotionnel-concertation\/#primaryimage"},"thumbnailUrl":"https:\/\/www.lkeria.com\/actualites\/wp-content\/uploads\/2020\/07\/onpi-logo.png","datePublished":"2021-02-03T11:19:05+00:00","dateModified":"2021-02-04T11:35:43+00:00","description":"Le minist\u00e8re de l\u2019Habitat lancera bient\u00f4t des consultations avec les promoteurs immobiliers sur la formule du logement locatif promotionnel.","breadcrumb":{"@id":"https:\/\/www.lkeria.com\/actualites\/logement\/logement-locatif-promotionnel-concertation\/#breadcrumb"},"inLanguage":"fr-FR","potentialAction":[{"@type":"ReadAction","target":["https:\/\/www.lkeria.com\/actualites\/logement\/logement-locatif-promotionnel-concertation\/"]}]},{"@type":"ImageObject","inLanguage":"fr-FR","@id":"https:\/\/www.lkeria.com\/actualites\/logement\/logement-locatif-promotionnel-concertation\/#primaryimage","url":"https:\/\/www.lkeria.com\/actualites\/wp-content\/uploads\/2020\/07\/onpi-logo.png","contentUrl":"https:\/\/www.lkeria.com\/actualites\/wp-content\/uploads\/2020\/07\/onpi-logo.png","width":874,"height":750,"caption":"Logement locatif promotionnel"},{"@type":"BreadcrumbList","@id":"https:\/\/www.lkeria.com\/actualites\/logement\/logement-locatif-promotionnel-concertation\/#breadcrumb","itemListElement":[{"@type":"ListItem","position":1,"name":"Accueil","item":"https:\/\/www.lkeria.com\/actualites\/"},{"@type":"ListItem","position":2,"name":"Logement locatif promotionnel : vers le lancement d\u2019une concertation avec les promoteurs"}]},{"@type":"WebSite","@id":"https:\/\/www.lkeria.com\/actualites\/#website","url":"https:\/\/www.lkeria.com\/actualites\/","name":"Actualit\u00e9 de l&#039;immobilier et le logement en Alg\u00e9rie","description":"logement et annonces immobili\u00e8res","publisher":{"@id":"https:\/\/www.lkeria.com\/actualites\/#organization"},"potentialAction":[{"@type":"SearchAction","target":{"@type":"EntryPoint","urlTemplate":"https:\/\/www.lkeria.com\/actualites\/?s={search_term_string}"},"query-input":{"@type":"PropertyValueSpecification","valueRequired":true,"valueName":"search_term_string"}}],"inLanguage":"fr-FR"},{"@type":"Organization","@id":"https:\/\/www.lkeria.com\/actualites\/#organization","name":"Lkeria","url":"https:\/\/www.lkeria.com\/actualites\/","logo":{"@type":"ImageObject","inLanguage":"fr-FR","@id":"https:\/\/www.lkeria.com\/actualites\/#\/schema\/logo\/image\/","url":"https:\/\/www.lkeria.com\/actualites\/wp-content\/uploads\/2020\/07\/logo-lkeria.png","contentUrl":"https:\/\/www.lkeria.com\/actualites\/wp-content\/uploads\/2020\/07\/logo-lkeria.png","width":200,"height":72,"caption":"Lkeria"},"image":{"@id":"https:\/\/www.lkeria.com\/actualites\/#\/schema\/logo\/image\/"},"sameAs":["https:\/\/www.facebook.com\/lkeriacom","https:\/\/x.com\/lkeriacom"]},{"@type":"Person","@id":"https:\/\/www.lkeria.com\/actualites\/#\/schema\/person\/3a4da2e91b49098351a6c1a04c231e06","name":"Lotfi Ramdani","image":{"@type":"ImageObject","inLanguage":"fr-FR","@id":"https:\/\/secure.gravatar.com\/avatar\/769db425c6f465158149f1ffd6cf61ce7a8a879d11dfbef8288af36dfddd418c?s=96&d=mm&r=g","url":"https:\/\/secure.gravatar.com\/avatar\/769db425c6f465158149f1ffd6cf61ce7a8a879d11dfbef8288af36dfddd418c?s=96&d=mm&r=g","contentUrl":"https:\/\/secure.gravatar.com\/avatar\/769db425c6f465158149f1ffd6cf61ce7a8a879d11dfbef8288af36dfddd418c?s=96&d=mm&r=g","caption":"Lotfi Ramdani"},"url":"https:\/\/www.lkeria.com\/actualites\/author\/chakib32gmail-com\/"}]}},"amp_enabled":true,"_links":{"self":[{"href":"https:\/\/www.lkeria.com\/actualites\/wp-json\/wp\/v2\/posts\/5154","targetHints":{"allow":["GET"]}}],"collection":[{"href":"https:\/\/www.lkeria.com\/actualites\/wp-json\/wp\/v2\/posts"}],"about":[{"href":"https:\/\/www.lkeria.com\/actualites\/wp-json\/wp\/v2\/types\/post"}],"author":[{"embeddable":true,"href":"https:\/\/www.lkeria.com\/actualites\/wp-json\/wp\/v2\/users\/1"}],"replies":[{"embeddable":true,"href":"https:\/\/www.lkeria.com\/actualites\/wp-json\/wp\/v2\/comments?post=5154"}],"version-history":[{"count":2,"href":"https:\/\/www.lkeria.com\/actualites\/wp-json\/wp\/v2\/posts\/5154\/revisions"}],"predecessor-version":[{"id":5197,"href":"https:\/\/www.lkeria.com\/actualites\/wp-json\/wp\/v2\/posts\/5154\/revisions\/5197"}],"wp:featuredmedia":[{"embeddable":true,"href":"https:\/\/www.lkeria.com\/actualites\/wp-json\/wp\/v2\/media\/734"}],"wp:attachment":[{"href":"https:\/\/www.lkeria.com\/actualites\/wp-json\/wp\/v2\/media?parent=5154"}],"wp:term":[{"taxonomy":"category","embeddable":true,"href":"https:\/\/www.lkeria.com\/actualites\/wp-json\/wp\/v2\/categories?post=5154"},{"taxonomy":"post_tag","embeddable":true,"href":"https:\/\/www.lkeria.com\/actualites\/wp-json\/wp\/v2\/tags?post=5154"}],"curies":[{"name":"wp","href":"https:\/\/api.w.org\/{rel}","templated":true}]}}