{"id":5102,"date":"2024-02-02T12:48:01","date_gmt":"2024-02-02T11:48:01","guid":{"rendered":"https:\/\/www.lkeria.com\/actualites\/non-classe\/les-insuffisances-de-la-procedure-reglementaire-dattribution-du-logement-social-en-algerie\/"},"modified":"2024-02-02T12:48:03","modified_gmt":"2024-02-02T11:48:03","slug":"les-insuffisances-de-la-procedure-reglementaire-dattribution-du-logement-social-en-algerie","status":"publish","type":"post","link":"https:\/\/www.lkeria.com\/actualites\/logement\/les-insuffisances-de-la-procedure-reglementaire-dattribution-du-logement-social-en-algerie\/","title":{"rendered":"Insuffisances des crit\u00e8res d\u2019attribution du logement social en Alg\u00e9rie"},"content":{"rendered":"\n<p><span style=\"color: #000000;\"><strong style=\"text-align: justify;\"><span data-mce-mark=\"1\"><span style=\"color: #000000;\"><strong style=\"text-align: justify;\"><span data-mce-mark=\"1\">On livre ici quelques remarques sur les insuffisances relev\u00e9es dans la <\/span><\/strong><\/span><strong style=\"text-align: justify;\"><span style=\"color: #000000;\">proc\u00e9dure actuelle d\u2019attribution du <\/span><\/strong><\/span><strong style=\"text-align: justify;\"><span style=\"color: #000000;\"><a href=\"https:\/\/www.lkeria.com\/la-rapporteuse-de-lonu-sur-le-logement-incite-lalgerie-a-la-transparence\/\">logement <\/a>social<\/span><span data-mce-mark=\"1\"><span style=\"color: #000000;\"> dans notre pays (Alg\u00e9rie)<\/span>.<\/span><\/strong><\/strong><\/span><\/p>\n\n\n\n<h2 class=\"wp-block-heading\">La r\u00e9sidence comme crit\u00e8re d&rsquo;attribution du logement<\/h2>\n\n\n\n<p><span data-mce-mark=\"1\" style=\"color: #000000;\">Pourquoi l\u2019anciennet\u00e9 dans la r\u00e9sidence \u00e0 la commune n\u2019est pas not\u00e9e. Le citoyen qui r\u00e9side depuis 30 ou 40 ans dans sa commune, est trait\u00e9 au m\u00eame pied d\u2019\u00e9galit\u00e9 avec un autre citoyen qui ne r\u00e9side que depuis 5 ans au niveau de la commune.<\/span><\/p>\n\n\n\n<p><span data-mce-mark=\"1\" style=\"color: #000000;\">En ce qui concerne le crit\u00e8re de la naissance dans la m\u00eame commune o\u00f9 est d\u00e9pos\u00e9e la demande de logement, il ne m\u00e9rite pas d\u2019\u00eatre inclus dans le syst\u00e8me de notation. Ceci permettra de limiter le ph\u00e9nom\u00e8ne de l\u2019exode vers les grandes villes, d\u00e9pourvues d\u2019assiettes fonci\u00e8res et qui connaissent une pression terrible sur le logement social.<\/span><\/p>\n\n\n\n<p>Par ailleurs, c<span data-mce-mark=\"1\" style=\"color: #000000;\">omment sont not\u00e9s et class\u00e9s les demandeurs de logements sociaux \u00e2g\u00e9s de moins de 35 ans pour la distribution du quota de 40% r\u00e9serv\u00e9 \u00e0 cette tranche d\u2019\u00e2ge. Pourquoi ne pas instaurer un bar\u00e8me sp\u00e9cifique \u00e0 cette tranche d\u2019\u00e2ge dans le cadre de la proc\u00e9dure d&rsquo;attribution du logement.<\/span><\/p>\n\n\n\n<p><span data-mce-mark=\"1\" style=\"color: #000000;\">On rel\u00e8ve \u00e9galement une contradiction entre l\u2019\u00e2ge minimum exig\u00e9 pour postuler \u00e0 un logement social qui est de 21 ans et l\u2019anciennet\u00e9 de la demande qui doit \u00eatre au minimum sup\u00e9rieure \u00e0 5 ans (selon les d\u00e9clarations du <a href=\"https:\/\/www.facebook.com\/MHUV.GOV\">ministre de l\u2019habitat<\/a>), ceci exclut la tranche des moins de 25 ans de ce type de logement.<\/span><\/p>\n\n\n\n<h2 class=\"wp-block-heading\">L&rsquo;anciennet\u00e9 de la demande <\/h2>\n\n\n\n<p><span data-mce-mark=\"1\" style=\"color: #000000;\">Puisque l\u2019anciennet\u00e9 de la demande est un crit\u00e8re important (50 points pour celles de plus de 15 ans), le traitement de la demande par la commission de da\u00efra se fera en effet, sur la base d\u2019informations d\u00e9pass\u00e9es (situation familiales, nombre d\u2019enfant, niveau de revenu). Les pi\u00e8ces constitutives du dossier sont elles renouvel\u00e9es ou non.<\/span><\/p>\n\n\n\n<p>En effet, l<span data-mce-mark=\"1\" style=\"color: #000000;\">\u2019article 44 de la loi n\u00b0 99-07 du 5 avril 1999 sur le moudhahed et chaid, r\u00e9serve un quota de 20% des programmes de logement au profit des moudjahidines et des ayants droits, qui n\u2019ont pas b\u00e9n\u00e9fici\u00e9 au pr\u00e9alable d\u2019un logement. Cette disposition l\u00e9gislative est elle appliqu\u00e9e sur le terrain,<\/span> <span data-mce-mark=\"1\" style=\"color: #000000;\">comme celle du quota de 40% r\u00e9serv\u00e9 aux moins de 35 ans. Si c\u2019est le cas pourquoi octroyer 30 points aux ayants droits.<\/span><\/p>\n\n\n\n<p>Par ailleurs, s<span data-mce-mark=\"1\" style=\"color: #000000;\">i on d\u00e9duit les 40% r\u00e9serv\u00e9s aux moins de 35 ans et les 20 % des ayants droit, il ne reste que 40 % \u00e0 toutes les autres franges de la soci\u00e9t\u00e9. Ces 40 % sont diminu\u00e9s aussi du quota pr\u00e9lev\u00e9 pour le recasement des habitants des bidonvilles. que reste-il donc ????<\/span><\/p>\n\n\n\n<h2 class=\"wp-block-heading\">Les privil\u00e8ges<\/h2>\n\n\n\n<p>Alors, q<span data-mce-mark=\"1\" style=\"color: #000000;\">ui sont les ayants droits mis \u00e0 part les moudjahidines, les veuves et fils de chahids ? le d\u00e9cret nous renvois \u00e0 la loi n\u00b0 99-07 du 5 avril 1999 qui d\u00e9finie les ayants droits (article 13 et 14)<\/span> <span data-mce-mark=\"1\" style=\"color: #000000;\">comme \u00e9tant les ascendants de chahid, la ou les veuves de chahid, les fils et filles de chouhadas le moudjahed, les ascendants du moudhjahid et la ou les veuves du moudjahid.<\/span><\/p>\n\n\n\n<p><span data-mce-mark=\"1\" style=\"color: #000000;\">Un moudjahid ou un ayant droit qui est au m\u00eame temps handicap\u00e9 peut-il cumul\u00e9 les deux \u00e9l\u00e9ments relatifs \u00e0 la situation personnel <\/span> <span data-mce-mark=\"1\" style=\"color: #000000;\">(30 points pour la qualit\u00e9 de moudjahid + 30 points pour l&rsquo;handicape).<\/span><\/p>\n\n\n\n<p><span data-mce-mark=\"1\" style=\"color: #000000;\">Selon <a href=\"https:\/\/www.lkeria.com\/decret-excutif-08-142-34\">le d\u00e9cret 08-142 qui fixe les r\u00e8gles d\u2019attribution du logement social en Alg\u00e9rie<\/a>, l&rsquo;affectation des logements sociaux selon le nombre de pi\u00e8ces (F2, F3 ou F4) doit tenir compte de la situation de famille ainsi que du nombre des personnes \u00e0 charge. En effet, si le nombre des personnes \u00e0 charge est un crit\u00e8re quantifiable, la situation de famille est une notion g\u00e9n\u00e9rale, qui ouvre la porte \u00e0 des interpr\u00e9tations subjectives pour justifier les passes droits \u00e9ventuels.<\/span><\/p>\n\n\n\n<blockquote class=\"wp-block-quote is-layout-flow wp-block-quote-is-layout-flow\">\n<p><span data-mce-mark=\"1\" style=\"color: #000000;\">\u00ab\u00a0Sur ma tombe, \u00e0 la place de fleurs, apportez-moi les listes de milliers de familles, de milliers de petits enfants auxquels vous aurez pu donner les cl\u00e9s d\u2019un vrai logement\u00a0\u00bb<\/span><\/p>\n<cite><a href=\"https:\/\/www.fondation-abbe-pierre.fr\/\">Abb\u00e9 Pierre<\/a><\/cite><\/blockquote>\n","protected":false},"excerpt":{"rendered":"<p>On livre ici quelques remarques sur les insuffisances relev\u00e9es dans la proc\u00e9dure actuelle d\u2019attribution du logement social dans notre pays (Alg\u00e9rie). La r\u00e9sidence comme crit\u00e8re d&rsquo;attribution du logement Pourquoi l\u2019anciennet\u00e9 dans la r\u00e9sidence \u00e0 la commune n\u2019est pas not\u00e9e. Le citoyen qui r\u00e9side depuis 30 ou 40 ans dans sa commune, est trait\u00e9 au m\u00eame [&hellip;]<\/p>\n","protected":false},"author":1,"featured_media":710,"comment_status":"closed","ping_status":"closed","sticky":false,"template":"","format":"standard","meta":{"footnotes":""},"categories":[229],"tags":[],"class_list":["post-5102","post","type-post","status-publish","format-standard","has-post-thumbnail","hentry","category-logement"],"yoast_head":"<!-- This site is optimized with the Yoast SEO plugin v27.5 - https:\/\/yoast.com\/product\/yoast-seo-wordpress\/ -->\n<title>Insuffisances des crit\u00e8res d\u2019attribution du logement social en Alg\u00e9rie<\/title>\n<meta name=\"description\" content=\"On livre ici quelques remarques sur les insuffisances relev\u00e9es dans la proc\u00e9dure d\u2019attribution du logement social dans notre pays (Alg\u00e9rie).\" \/>\n<meta name=\"robots\" content=\"index, follow, max-snippet:-1, max-image-preview:large, max-video-preview:-1\" \/>\n<link rel=\"canonical\" href=\"https:\/\/www.lkeria.com\/actualites\/logement\/les-insuffisances-de-la-procedure-reglementaire-dattribution-du-logement-social-en-algerie\/\" \/>\n<meta property=\"og:locale\" content=\"fr_FR\" \/>\n<meta property=\"og:type\" content=\"article\" \/>\n<meta property=\"og:title\" content=\"Insuffisances des crit\u00e8res d\u2019attribution du logement social en Alg\u00e9rie\" \/>\n<meta property=\"og:description\" content=\"On livre ici quelques remarques sur les insuffisances relev\u00e9es dans la proc\u00e9dure d\u2019attribution du logement social dans notre pays (Alg\u00e9rie).\" \/>\n<meta property=\"og:url\" content=\"https:\/\/www.lkeria.com\/actualites\/logement\/les-insuffisances-de-la-procedure-reglementaire-dattribution-du-logement-social-en-algerie\/\" \/>\n<meta property=\"og:site_name\" content=\"Actualit\u00e9 de l&#039;immobilier et le logement en Alg\u00e9rie\" \/>\n<meta property=\"article:publisher\" content=\"https:\/\/www.facebook.com\/lkeriacom\" \/>\n<meta property=\"article:published_time\" content=\"2024-02-02T11:48:01+00:00\" \/>\n<meta property=\"article:modified_time\" content=\"2024-02-02T11:48:03+00:00\" \/>\n<meta property=\"og:image\" content=\"https:\/\/www.lkeria.com\/actualites\/wp-content\/uploads\/2020\/07\/Logements-sociaux-lkeria.jpg\" \/>\n\t<meta property=\"og:image:width\" content=\"1000\" \/>\n\t<meta property=\"og:image:height\" content=\"750\" \/>\n\t<meta property=\"og:image:type\" content=\"image\/jpeg\" \/>\n<meta name=\"author\" content=\"Lotfi Ramdani\" \/>\n<meta name=\"twitter:card\" content=\"summary_large_image\" \/>\n<meta name=\"twitter:creator\" content=\"@lkeriacom\" \/>\n<meta name=\"twitter:site\" content=\"@lkeriacom\" \/>\n<meta name=\"twitter:label1\" content=\"\u00c9crit par\" \/>\n\t<meta name=\"twitter:data1\" content=\"Lotfi Ramdani\" \/>\n\t<meta name=\"twitter:label2\" content=\"Dur\u00e9e de lecture estim\u00e9e\" \/>\n\t<meta name=\"twitter:data2\" content=\"4 minutes\" \/>\n<!-- \/ Yoast SEO plugin. -->","yoast_head_json":{"title":"Insuffisances des crit\u00e8res d\u2019attribution du logement social en Alg\u00e9rie","description":"On livre ici quelques remarques sur les insuffisances relev\u00e9es dans la proc\u00e9dure d\u2019attribution du logement social dans notre pays (Alg\u00e9rie).","robots":{"index":"index","follow":"follow","max-snippet":"max-snippet:-1","max-image-preview":"max-image-preview:large","max-video-preview":"max-video-preview:-1"},"canonical":"https:\/\/www.lkeria.com\/actualites\/logement\/les-insuffisances-de-la-procedure-reglementaire-dattribution-du-logement-social-en-algerie\/","og_locale":"fr_FR","og_type":"article","og_title":"Insuffisances des crit\u00e8res d\u2019attribution du logement social en Alg\u00e9rie","og_description":"On livre ici quelques remarques sur les insuffisances relev\u00e9es dans la proc\u00e9dure d\u2019attribution du logement social dans notre pays (Alg\u00e9rie).","og_url":"https:\/\/www.lkeria.com\/actualites\/logement\/les-insuffisances-de-la-procedure-reglementaire-dattribution-du-logement-social-en-algerie\/","og_site_name":"Actualit\u00e9 de l&#039;immobilier et le logement en Alg\u00e9rie","article_publisher":"https:\/\/www.facebook.com\/lkeriacom","article_published_time":"2024-02-02T11:48:01+00:00","article_modified_time":"2024-02-02T11:48:03+00:00","og_image":[{"width":1000,"height":750,"url":"https:\/\/www.lkeria.com\/actualites\/wp-content\/uploads\/2020\/07\/Logements-sociaux-lkeria.jpg","type":"image\/jpeg"}],"author":"Lotfi Ramdani","twitter_card":"summary_large_image","twitter_creator":"@lkeriacom","twitter_site":"@lkeriacom","twitter_misc":{"\u00c9crit par":"Lotfi Ramdani","Dur\u00e9e de lecture estim\u00e9e":"4 minutes"},"schema":{"@context":"https:\/\/schema.org","@graph":[{"@type":"Article","@id":"https:\/\/www.lkeria.com\/actualites\/logement\/les-insuffisances-de-la-procedure-reglementaire-dattribution-du-logement-social-en-algerie\/#article","isPartOf":{"@id":"https:\/\/www.lkeria.com\/actualites\/logement\/les-insuffisances-de-la-procedure-reglementaire-dattribution-du-logement-social-en-algerie\/"},"author":{"name":"Lotfi Ramdani","@id":"https:\/\/www.lkeria.com\/actualites\/#\/schema\/person\/3a4da2e91b49098351a6c1a04c231e06"},"headline":"Insuffisances des crit\u00e8res d\u2019attribution du logement social en Alg\u00e9rie","datePublished":"2024-02-02T11:48:01+00:00","dateModified":"2024-02-02T11:48:03+00:00","mainEntityOfPage":{"@id":"https:\/\/www.lkeria.com\/actualites\/logement\/les-insuffisances-de-la-procedure-reglementaire-dattribution-du-logement-social-en-algerie\/"},"wordCount":692,"publisher":{"@id":"https:\/\/www.lkeria.com\/actualites\/#organization"},"image":{"@id":"https:\/\/www.lkeria.com\/actualites\/logement\/les-insuffisances-de-la-procedure-reglementaire-dattribution-du-logement-social-en-algerie\/#primaryimage"},"thumbnailUrl":"https:\/\/www.lkeria.com\/actualites\/wp-content\/uploads\/2020\/07\/Logements-sociaux-lkeria.jpg","articleSection":["Logement"],"inLanguage":"fr-FR"},{"@type":"WebPage","@id":"https:\/\/www.lkeria.com\/actualites\/logement\/les-insuffisances-de-la-procedure-reglementaire-dattribution-du-logement-social-en-algerie\/","url":"https:\/\/www.lkeria.com\/actualites\/logement\/les-insuffisances-de-la-procedure-reglementaire-dattribution-du-logement-social-en-algerie\/","name":"Insuffisances des crit\u00e8res d\u2019attribution du logement social en Alg\u00e9rie","isPartOf":{"@id":"https:\/\/www.lkeria.com\/actualites\/#website"},"primaryImageOfPage":{"@id":"https:\/\/www.lkeria.com\/actualites\/logement\/les-insuffisances-de-la-procedure-reglementaire-dattribution-du-logement-social-en-algerie\/#primaryimage"},"image":{"@id":"https:\/\/www.lkeria.com\/actualites\/logement\/les-insuffisances-de-la-procedure-reglementaire-dattribution-du-logement-social-en-algerie\/#primaryimage"},"thumbnailUrl":"https:\/\/www.lkeria.com\/actualites\/wp-content\/uploads\/2020\/07\/Logements-sociaux-lkeria.jpg","datePublished":"2024-02-02T11:48:01+00:00","dateModified":"2024-02-02T11:48:03+00:00","description":"On livre ici quelques remarques sur les insuffisances relev\u00e9es dans la proc\u00e9dure d\u2019attribution du logement social dans notre pays (Alg\u00e9rie).","breadcrumb":{"@id":"https:\/\/www.lkeria.com\/actualites\/logement\/les-insuffisances-de-la-procedure-reglementaire-dattribution-du-logement-social-en-algerie\/#breadcrumb"},"inLanguage":"fr-FR","potentialAction":[{"@type":"ReadAction","target":["https:\/\/www.lkeria.com\/actualites\/logement\/les-insuffisances-de-la-procedure-reglementaire-dattribution-du-logement-social-en-algerie\/"]}]},{"@type":"ImageObject","inLanguage":"fr-FR","@id":"https:\/\/www.lkeria.com\/actualites\/logement\/les-insuffisances-de-la-procedure-reglementaire-dattribution-du-logement-social-en-algerie\/#primaryimage","url":"https:\/\/www.lkeria.com\/actualites\/wp-content\/uploads\/2020\/07\/Logements-sociaux-lkeria.jpg","contentUrl":"https:\/\/www.lkeria.com\/actualites\/wp-content\/uploads\/2020\/07\/Logements-sociaux-lkeria.jpg","width":1000,"height":750,"caption":"logement"},{"@type":"BreadcrumbList","@id":"https:\/\/www.lkeria.com\/actualites\/logement\/les-insuffisances-de-la-procedure-reglementaire-dattribution-du-logement-social-en-algerie\/#breadcrumb","itemListElement":[{"@type":"ListItem","position":1,"name":"Accueil","item":"https:\/\/www.lkeria.com\/actualites\/"},{"@type":"ListItem","position":2,"name":"Insuffisances des crit\u00e8res d\u2019attribution du logement social en Alg\u00e9rie"}]},{"@type":"WebSite","@id":"https:\/\/www.lkeria.com\/actualites\/#website","url":"https:\/\/www.lkeria.com\/actualites\/","name":"Actualit\u00e9 de l&#039;immobilier et le logement en Alg\u00e9rie","description":"logement et annonces immobili\u00e8res","publisher":{"@id":"https:\/\/www.lkeria.com\/actualites\/#organization"},"potentialAction":[{"@type":"SearchAction","target":{"@type":"EntryPoint","urlTemplate":"https:\/\/www.lkeria.com\/actualites\/?s={search_term_string}"},"query-input":{"@type":"PropertyValueSpecification","valueRequired":true,"valueName":"search_term_string"}}],"inLanguage":"fr-FR"},{"@type":"Organization","@id":"https:\/\/www.lkeria.com\/actualites\/#organization","name":"Lkeria","url":"https:\/\/www.lkeria.com\/actualites\/","logo":{"@type":"ImageObject","inLanguage":"fr-FR","@id":"https:\/\/www.lkeria.com\/actualites\/#\/schema\/logo\/image\/","url":"https:\/\/www.lkeria.com\/actualites\/wp-content\/uploads\/2020\/07\/logo-lkeria.png","contentUrl":"https:\/\/www.lkeria.com\/actualites\/wp-content\/uploads\/2020\/07\/logo-lkeria.png","width":200,"height":72,"caption":"Lkeria"},"image":{"@id":"https:\/\/www.lkeria.com\/actualites\/#\/schema\/logo\/image\/"},"sameAs":["https:\/\/www.facebook.com\/lkeriacom","https:\/\/x.com\/lkeriacom"]},{"@type":"Person","@id":"https:\/\/www.lkeria.com\/actualites\/#\/schema\/person\/3a4da2e91b49098351a6c1a04c231e06","name":"Lotfi Ramdani","image":{"@type":"ImageObject","inLanguage":"fr-FR","@id":"https:\/\/secure.gravatar.com\/avatar\/769db425c6f465158149f1ffd6cf61ce7a8a879d11dfbef8288af36dfddd418c?s=96&d=mm&r=g","url":"https:\/\/secure.gravatar.com\/avatar\/769db425c6f465158149f1ffd6cf61ce7a8a879d11dfbef8288af36dfddd418c?s=96&d=mm&r=g","contentUrl":"https:\/\/secure.gravatar.com\/avatar\/769db425c6f465158149f1ffd6cf61ce7a8a879d11dfbef8288af36dfddd418c?s=96&d=mm&r=g","caption":"Lotfi Ramdani"},"url":"https:\/\/www.lkeria.com\/actualites\/author\/chakib32gmail-com\/"}]}},"amp_enabled":true,"_links":{"self":[{"href":"https:\/\/www.lkeria.com\/actualites\/wp-json\/wp\/v2\/posts\/5102","targetHints":{"allow":["GET"]}}],"collection":[{"href":"https:\/\/www.lkeria.com\/actualites\/wp-json\/wp\/v2\/posts"}],"about":[{"href":"https:\/\/www.lkeria.com\/actualites\/wp-json\/wp\/v2\/types\/post"}],"author":[{"embeddable":true,"href":"https:\/\/www.lkeria.com\/actualites\/wp-json\/wp\/v2\/users\/1"}],"replies":[{"embeddable":true,"href":"https:\/\/www.lkeria.com\/actualites\/wp-json\/wp\/v2\/comments?post=5102"}],"version-history":[{"count":3,"href":"https:\/\/www.lkeria.com\/actualites\/wp-json\/wp\/v2\/posts\/5102\/revisions"}],"predecessor-version":[{"id":7210,"href":"https:\/\/www.lkeria.com\/actualites\/wp-json\/wp\/v2\/posts\/5102\/revisions\/7210"}],"wp:featuredmedia":[{"embeddable":true,"href":"https:\/\/www.lkeria.com\/actualites\/wp-json\/wp\/v2\/media\/710"}],"wp:attachment":[{"href":"https:\/\/www.lkeria.com\/actualites\/wp-json\/wp\/v2\/media?parent=5102"}],"wp:term":[{"taxonomy":"category","embeddable":true,"href":"https:\/\/www.lkeria.com\/actualites\/wp-json\/wp\/v2\/categories?post=5102"},{"taxonomy":"post_tag","embeddable":true,"href":"https:\/\/www.lkeria.com\/actualites\/wp-json\/wp\/v2\/tags?post=5102"}],"curies":[{"name":"wp","href":"https:\/\/api.w.org\/{rel}","templated":true}]}}