{"id":4992,"date":"2012-10-13T01:32:04","date_gmt":"2012-10-12T23:32:04","guid":{"rendered":"https:\/\/www.lkeria.com\/actualites\/non-classe\/tiaret-un-seminaire-regional-sur-le-foncier-et-linvestissement-au-centre-du-debat\/"},"modified":"2012-10-13T01:32:04","modified_gmt":"2012-10-12T23:32:04","slug":"tiaret-un-seminaire-regional-sur-le-foncier-et-linvestissement-au-centre-du-debat","status":"publish","type":"post","link":"https:\/\/www.lkeria.com\/actualites\/logement\/tiaret-un-seminaire-regional-sur-le-foncier-et-linvestissement-au-centre-du-debat\/","title":{"rendered":"Tiaret : un s\u00e9minaire r\u00e9gional sur le foncier et l\u2019investissement au centre du d\u00e9bat"},"content":{"rendered":"<p>Un s\u00e9minaire r\u00e9gional sur le th\u00e8me \u2018\u2019<span style=\"text-align: justify;\">Foncier<\/span> et investissement : vecteurs de d\u00e9veloppement \u2018\u2019 se tiendra jeudi prochain \u00e0 Tiaret, \u00e0 l\u2019initiative de l\u2019Agence nUn s\u00e9minaire r\u00e9gional sur le th\u00e8me \u2018\u2019<span style=\"text-align: justify;\">Foncier<\/span> et investissement : vecteurs de d\u00e9veloppement \u2018\u2019 se tiendra jeudi prochain \u00e0 Tiaret, \u00e0 l\u2019initiative de l\u2019Agence nationale d\u2019interm\u00e9diation et de r\u00e9gulation fonci\u00e8re.<\/p>\n<p style=\"text-align: justify;\">Les organisateurs ont pr\u00e9cis\u00e9 que cette rencontre s\u2019inscrit dans le cadre du programme du Gouvernement portant sur la r\u00e9alisation de nouvelles zones industrielles dans diverses r\u00e9gions du pays.<br \/>\nDes repr\u00e9sentants du minist\u00e8re de l\u2019industrie, de la PME et de la promotion de l\u2019investissement, du minist\u00e8re de l\u2019am\u00e9nagement du territoire, de l\u2019Aniref et de l\u2019Andi doivent intervenir lors de cette rencontre pour aussi bien pr\u00e9senter le nouveau programme national des nouvelles zones industrielles, les modalit\u00e9s pratiques d\u2019acc\u00e8s au foncier et mettre en exergue les opportunit\u00e9s d\u2019investissements des r\u00e9gions cibl\u00e9es par le d\u00e9veloppement des zones industrielles. A cette occasion, la Directrice g\u00e9n\u00e9rale de l\u2019Aniref pr\u00e9sentera une communication sur la promotion du foncier industriel alors que son homologue de la direction du domaine national abordera le dispositif l\u00e9gislatif d\u00e9di\u00e9 \u00e0 l\u2019investissement et \u00e0 l\u2019acc\u00e8s au foncier. Les autres communications porteront sur le d\u00e9veloppement durable et la protection de l\u2019environnement en zones industrielles, le mod\u00e8le d\u2019am\u00e9nagement et de gestion de nouvelles zones industrielles, le mark\u00e9ting territorial et le d\u00e9veloppement local.<br \/>\nCette rencontre r\u00e9gionale concernera les wilayas de Tiaret, Sa\u00efda, Djelfa, El Bayadh, Naama, Tissemsilt et A\u00efn Defla, indiquent les organisateurs.<\/p>\n<p style=\"text-align: justify;\">source : le journal l&rsquo;\u00e9cho d&rsquo;oran<\/p>\n","protected":false},"excerpt":{"rendered":"<p>Un s\u00e9minaire r\u00e9gional sur le th\u00e8me \u2018\u2019Foncier et investissement : vecteurs de d\u00e9veloppement \u2018\u2019 se tiendra jeudi prochain \u00e0 Tiaret, \u00e0 l\u2019initiative de l\u2019Agence nUn s\u00e9minaire r\u00e9gional sur le th\u00e8me \u2018\u2019Foncier et investissement : vecteurs de d\u00e9veloppement \u2018\u2019 se tiendra jeudi prochain \u00e0 Tiaret, \u00e0 l\u2019initiative de l\u2019Agence nationale d\u2019interm\u00e9diation et de r\u00e9gulation fonci\u00e8re. Les [&hellip;]<\/p>\n","protected":false},"author":1,"featured_media":0,"comment_status":"closed","ping_status":"closed","sticky":false,"template":"","format":"standard","meta":{"footnotes":""},"categories":[229],"tags":[],"class_list":["post-4992","post","type-post","status-publish","format-standard","hentry","category-logement"],"yoast_head":"<!-- This site is optimized with the Yoast SEO plugin v27.5 - https:\/\/yoast.com\/product\/yoast-seo-wordpress\/ -->\n<title>Tiaret : un s\u00e9minaire r\u00e9gional sur le foncier et l\u2019investissement au centre du d\u00e9bat - Actualit\u00e9 de l&#039;immobilier et le logement en Alg\u00e9rie<\/title>\n<meta name=\"robots\" content=\"index, follow, max-snippet:-1, max-image-preview:large, max-video-preview:-1\" \/>\n<link rel=\"canonical\" href=\"https:\/\/www.lkeria.com\/actualites\/logement\/tiaret-un-seminaire-regional-sur-le-foncier-et-linvestissement-au-centre-du-debat\/\" \/>\n<meta property=\"og:locale\" content=\"fr_FR\" \/>\n<meta property=\"og:type\" content=\"article\" \/>\n<meta property=\"og:title\" content=\"Tiaret : un s\u00e9minaire r\u00e9gional sur le foncier et l\u2019investissement au centre du d\u00e9bat - Actualit\u00e9 de l&#039;immobilier et le logement en Alg\u00e9rie\" \/>\n<meta property=\"og:description\" content=\"Un s\u00e9minaire r\u00e9gional sur le th\u00e8me \u2018\u2019Foncier et investissement : vecteurs de d\u00e9veloppement \u2018\u2019 se tiendra jeudi prochain \u00e0 Tiaret, \u00e0 l\u2019initiative de l\u2019Agence nUn s\u00e9minaire r\u00e9gional sur le th\u00e8me \u2018\u2019Foncier et investissement : vecteurs de d\u00e9veloppement \u2018\u2019 se tiendra jeudi prochain \u00e0 Tiaret, \u00e0 l\u2019initiative de l\u2019Agence nationale d\u2019interm\u00e9diation et de r\u00e9gulation fonci\u00e8re. Les [&hellip;]\" \/>\n<meta property=\"og:url\" content=\"https:\/\/www.lkeria.com\/actualites\/logement\/tiaret-un-seminaire-regional-sur-le-foncier-et-linvestissement-au-centre-du-debat\/\" \/>\n<meta property=\"og:site_name\" content=\"Actualit\u00e9 de l&#039;immobilier et le logement en Alg\u00e9rie\" \/>\n<meta property=\"article:publisher\" content=\"https:\/\/www.facebook.com\/lkeriacom\" \/>\n<meta property=\"article:published_time\" content=\"2012-10-12T23:32:04+00:00\" \/>\n<meta property=\"og:image\" content=\"https:\/\/www.lkeria.com\/actualites\/wp-content\/uploads\/2020\/07\/logo-lkeria.png\" \/>\n\t<meta property=\"og:image:width\" content=\"200\" \/>\n\t<meta property=\"og:image:height\" content=\"72\" \/>\n\t<meta property=\"og:image:type\" content=\"image\/png\" \/>\n<meta name=\"author\" content=\"Lotfi Ramdani\" \/>\n<meta name=\"twitter:card\" content=\"summary_large_image\" \/>\n<meta name=\"twitter:creator\" content=\"@lkeriacom\" \/>\n<meta name=\"twitter:site\" content=\"@lkeriacom\" \/>\n<meta name=\"twitter:label1\" content=\"\u00c9crit par\" \/>\n\t<meta name=\"twitter:data1\" content=\"Lotfi Ramdani\" \/>\n\t<meta name=\"twitter:label2\" content=\"Dur\u00e9e de lecture estim\u00e9e\" \/>\n\t<meta name=\"twitter:data2\" content=\"1 minute\" \/>\n<!-- \/ Yoast SEO plugin. -->","yoast_head_json":{"title":"Tiaret : un s\u00e9minaire r\u00e9gional sur le foncier et l\u2019investissement au centre du d\u00e9bat - Actualit\u00e9 de l&#039;immobilier et le logement en Alg\u00e9rie","robots":{"index":"index","follow":"follow","max-snippet":"max-snippet:-1","max-image-preview":"max-image-preview:large","max-video-preview":"max-video-preview:-1"},"canonical":"https:\/\/www.lkeria.com\/actualites\/logement\/tiaret-un-seminaire-regional-sur-le-foncier-et-linvestissement-au-centre-du-debat\/","og_locale":"fr_FR","og_type":"article","og_title":"Tiaret : un s\u00e9minaire r\u00e9gional sur le foncier et l\u2019investissement au centre du d\u00e9bat - Actualit\u00e9 de l&#039;immobilier et le logement en Alg\u00e9rie","og_description":"Un s\u00e9minaire r\u00e9gional sur le th\u00e8me \u2018\u2019Foncier et investissement : vecteurs de d\u00e9veloppement \u2018\u2019 se tiendra jeudi prochain \u00e0 Tiaret, \u00e0 l\u2019initiative de l\u2019Agence nUn s\u00e9minaire r\u00e9gional sur le th\u00e8me \u2018\u2019Foncier et investissement : vecteurs de d\u00e9veloppement \u2018\u2019 se tiendra jeudi prochain \u00e0 Tiaret, \u00e0 l\u2019initiative de l\u2019Agence nationale d\u2019interm\u00e9diation et de r\u00e9gulation fonci\u00e8re. Les [&hellip;]","og_url":"https:\/\/www.lkeria.com\/actualites\/logement\/tiaret-un-seminaire-regional-sur-le-foncier-et-linvestissement-au-centre-du-debat\/","og_site_name":"Actualit\u00e9 de l&#039;immobilier et le logement en Alg\u00e9rie","article_publisher":"https:\/\/www.facebook.com\/lkeriacom","article_published_time":"2012-10-12T23:32:04+00:00","og_image":[{"width":200,"height":72,"url":"https:\/\/www.lkeria.com\/actualites\/wp-content\/uploads\/2020\/07\/logo-lkeria.png","type":"image\/png"}],"author":"Lotfi Ramdani","twitter_card":"summary_large_image","twitter_creator":"@lkeriacom","twitter_site":"@lkeriacom","twitter_misc":{"\u00c9crit par":"Lotfi Ramdani","Dur\u00e9e de lecture estim\u00e9e":"1 minute"},"schema":{"@context":"https:\/\/schema.org","@graph":[{"@type":"Article","@id":"https:\/\/www.lkeria.com\/actualites\/logement\/tiaret-un-seminaire-regional-sur-le-foncier-et-linvestissement-au-centre-du-debat\/#article","isPartOf":{"@id":"https:\/\/www.lkeria.com\/actualites\/logement\/tiaret-un-seminaire-regional-sur-le-foncier-et-linvestissement-au-centre-du-debat\/"},"author":{"name":"Lotfi Ramdani","@id":"https:\/\/www.lkeria.com\/actualites\/#\/schema\/person\/3a4da2e91b49098351a6c1a04c231e06"},"headline":"Tiaret : un s\u00e9minaire r\u00e9gional sur le foncier et l\u2019investissement au centre du d\u00e9bat","datePublished":"2012-10-12T23:32:04+00:00","mainEntityOfPage":{"@id":"https:\/\/www.lkeria.com\/actualites\/logement\/tiaret-un-seminaire-regional-sur-le-foncier-et-linvestissement-au-centre-du-debat\/"},"wordCount":311,"publisher":{"@id":"https:\/\/www.lkeria.com\/actualites\/#organization"},"articleSection":["Logement"],"inLanguage":"fr-FR"},{"@type":"WebPage","@id":"https:\/\/www.lkeria.com\/actualites\/logement\/tiaret-un-seminaire-regional-sur-le-foncier-et-linvestissement-au-centre-du-debat\/","url":"https:\/\/www.lkeria.com\/actualites\/logement\/tiaret-un-seminaire-regional-sur-le-foncier-et-linvestissement-au-centre-du-debat\/","name":"Tiaret : un s\u00e9minaire r\u00e9gional sur le foncier et l\u2019investissement au centre du d\u00e9bat - Actualit\u00e9 de l&#039;immobilier et le logement en Alg\u00e9rie","isPartOf":{"@id":"https:\/\/www.lkeria.com\/actualites\/#website"},"datePublished":"2012-10-12T23:32:04+00:00","breadcrumb":{"@id":"https:\/\/www.lkeria.com\/actualites\/logement\/tiaret-un-seminaire-regional-sur-le-foncier-et-linvestissement-au-centre-du-debat\/#breadcrumb"},"inLanguage":"fr-FR","potentialAction":[{"@type":"ReadAction","target":["https:\/\/www.lkeria.com\/actualites\/logement\/tiaret-un-seminaire-regional-sur-le-foncier-et-linvestissement-au-centre-du-debat\/"]}]},{"@type":"BreadcrumbList","@id":"https:\/\/www.lkeria.com\/actualites\/logement\/tiaret-un-seminaire-regional-sur-le-foncier-et-linvestissement-au-centre-du-debat\/#breadcrumb","itemListElement":[{"@type":"ListItem","position":1,"name":"Accueil","item":"https:\/\/www.lkeria.com\/actualites\/"},{"@type":"ListItem","position":2,"name":"Tiaret : un s\u00e9minaire r\u00e9gional sur le foncier et l\u2019investissement au centre du d\u00e9bat"}]},{"@type":"WebSite","@id":"https:\/\/www.lkeria.com\/actualites\/#website","url":"https:\/\/www.lkeria.com\/actualites\/","name":"Actualit\u00e9 de l&#039;immobilier et le logement en Alg\u00e9rie","description":"logement et annonces immobili\u00e8res","publisher":{"@id":"https:\/\/www.lkeria.com\/actualites\/#organization"},"potentialAction":[{"@type":"SearchAction","target":{"@type":"EntryPoint","urlTemplate":"https:\/\/www.lkeria.com\/actualites\/?s={search_term_string}"},"query-input":{"@type":"PropertyValueSpecification","valueRequired":true,"valueName":"search_term_string"}}],"inLanguage":"fr-FR"},{"@type":"Organization","@id":"https:\/\/www.lkeria.com\/actualites\/#organization","name":"Lkeria","url":"https:\/\/www.lkeria.com\/actualites\/","logo":{"@type":"ImageObject","inLanguage":"fr-FR","@id":"https:\/\/www.lkeria.com\/actualites\/#\/schema\/logo\/image\/","url":"https:\/\/www.lkeria.com\/actualites\/wp-content\/uploads\/2020\/07\/logo-lkeria.png","contentUrl":"https:\/\/www.lkeria.com\/actualites\/wp-content\/uploads\/2020\/07\/logo-lkeria.png","width":200,"height":72,"caption":"Lkeria"},"image":{"@id":"https:\/\/www.lkeria.com\/actualites\/#\/schema\/logo\/image\/"},"sameAs":["https:\/\/www.facebook.com\/lkeriacom","https:\/\/x.com\/lkeriacom"]},{"@type":"Person","@id":"https:\/\/www.lkeria.com\/actualites\/#\/schema\/person\/3a4da2e91b49098351a6c1a04c231e06","name":"Lotfi Ramdani","image":{"@type":"ImageObject","inLanguage":"fr-FR","@id":"https:\/\/secure.gravatar.com\/avatar\/769db425c6f465158149f1ffd6cf61ce7a8a879d11dfbef8288af36dfddd418c?s=96&d=mm&r=g","url":"https:\/\/secure.gravatar.com\/avatar\/769db425c6f465158149f1ffd6cf61ce7a8a879d11dfbef8288af36dfddd418c?s=96&d=mm&r=g","contentUrl":"https:\/\/secure.gravatar.com\/avatar\/769db425c6f465158149f1ffd6cf61ce7a8a879d11dfbef8288af36dfddd418c?s=96&d=mm&r=g","caption":"Lotfi Ramdani"},"url":"https:\/\/www.lkeria.com\/actualites\/author\/chakib32gmail-com\/"}]}},"amp_enabled":true,"_links":{"self":[{"href":"https:\/\/www.lkeria.com\/actualites\/wp-json\/wp\/v2\/posts\/4992","targetHints":{"allow":["GET"]}}],"collection":[{"href":"https:\/\/www.lkeria.com\/actualites\/wp-json\/wp\/v2\/posts"}],"about":[{"href":"https:\/\/www.lkeria.com\/actualites\/wp-json\/wp\/v2\/types\/post"}],"author":[{"embeddable":true,"href":"https:\/\/www.lkeria.com\/actualites\/wp-json\/wp\/v2\/users\/1"}],"replies":[{"embeddable":true,"href":"https:\/\/www.lkeria.com\/actualites\/wp-json\/wp\/v2\/comments?post=4992"}],"version-history":[{"count":0,"href":"https:\/\/www.lkeria.com\/actualites\/wp-json\/wp\/v2\/posts\/4992\/revisions"}],"wp:attachment":[{"href":"https:\/\/www.lkeria.com\/actualites\/wp-json\/wp\/v2\/media?parent=4992"}],"wp:term":[{"taxonomy":"category","embeddable":true,"href":"https:\/\/www.lkeria.com\/actualites\/wp-json\/wp\/v2\/categories?post=4992"},{"taxonomy":"post_tag","embeddable":true,"href":"https:\/\/www.lkeria.com\/actualites\/wp-json\/wp\/v2\/tags?post=4992"}],"curies":[{"name":"wp","href":"https:\/\/api.w.org\/{rel}","templated":true}]}}