{"id":4889,"date":"2013-11-20T22:20:12","date_gmt":"2013-11-20T21:20:12","guid":{"rendered":"https:\/\/www.lkeria.com\/actualites\/non-classe\/salon-habitat-immobilier-ouargla\/"},"modified":"2013-11-20T22:20:12","modified_gmt":"2013-11-20T21:20:12","slug":"salon-habitat-immobilier-ouargla","status":"publish","type":"post","link":"https:\/\/www.lkeria.com\/actualites\/logement\/salon-habitat-immobilier-ouargla\/","title":{"rendered":"2e salon de l\u2019habitat et de l\u2019immobilier de Ouargla pr\u00e9vu la semaine prochaine"},"content":{"rendered":"<h4 style=\"text-align: justify;\"><span style=\"font-size: 1.5em;\">2e salon de l\u2019habitat et de l\u2019immobilier de Ouargla\u00a0<\/span><\/h4>\n<p style=\"text-align: justify;\"><img class=\"alignleft size-thumbnail \n\n<h4 style=\"text-align: justify;\"><span style=\"font-size: 1.5em;\">2e salon de l\u2019habitat et de l\u2019immobilier de Ouargla\u00a0<\/span><\/h4>\n<p style=\"text-align: justify;\"><img loading=\"lazy\" decoding=\"async\" class=\"alignleft size-thumbnail wp-image-2302\" alt=\"salon-immobilier\" src=\"https:\/\/www.lkeria.com\/wp-content\/uploads\/2013\/11\/salon-immobilier-225x145.jpg\" width=\"225\" height=\"145\" \/><\/p>\n<p style=\"text-align: justify;\">Les professionnels du b\u00e2timent sont attendus \u00e0 la 2e \u00e9dition du salon de l\u2019habitat, de l\u2019immobilier et de \u00a0\u00a0l\u2019environnement de Ouargla, pr\u00e9vu du 24 au 26 novembre courant, a-ton appris aupr\u00e8s des organisateurs.<\/p>\n<p style=\"text-align: justify;\">Initi\u00e9 par RH. International communication, ce salon se veut un espace de rencontres et d\u2019\u00e9changes entre concepteurs et r\u00e9alisateurs dans le domaine de la construction, dans cette r\u00e9gion du Sud-Est aux larges perspectives de d\u00e9veloppement dans le domaine.<\/p>\n<p style=\"text-align: justify;\">Le salon regroupera notamment les entreprises sp\u00e9cialis\u00e9es dans les mat\u00e9riaux de construction, les produits et <a href=\"http:\/\/lkeria.com\">mat\u00e9riels de b\u00e2timent<\/a> tous corps d\u2019\u00e9tat confondus, l\u2019\u00e9clairage public, le traitement des eaux et r\u00e9seaux l\u2019assainissement, l\u2019outillage et le chauffage et climatisation.<\/p>\n<p style=\"text-align: justify;\">La pr\u00e9c\u00e9dente \u00e9dition de ce salon s\u2019\u00e9tait d\u00e9roul\u00e9e \u00e0 Ouargla, d\u00e9but octobre de l\u2019an dernier, avec la participation de plusieurs professionnels et intervenants dans la cha\u00eene\u00a0de la construction.<\/p>\n<p>Lkeria.com<\/p>\n","protected":false},"excerpt":{"rendered":"<p>2e salon de l\u2019habitat et de l\u2019immobilier de Ouargla\u00a0<\/p>\n","protected":false},"author":1,"featured_media":0,"comment_status":"closed","ping_status":"closed","sticky":false,"template":"","format":"standard","meta":{"footnotes":""},"categories":[229],"tags":[],"class_list":["post-4889","post","type-post","status-publish","format-standard","hentry","category-logement"],"yoast_head":"<!-- This site is optimized with the Yoast SEO plugin v27.5 - https:\/\/yoast.com\/product\/yoast-seo-wordpress\/ -->\n<title>2e salon de l\u2019habitat et de l\u2019immobilier de Ouargla pr\u00e9vu la semaine prochaine - Actualit\u00e9 de l&#039;immobilier et le logement en Alg\u00e9rie<\/title>\n<meta name=\"robots\" content=\"index, follow, max-snippet:-1, max-image-preview:large, max-video-preview:-1\" \/>\n<link rel=\"canonical\" href=\"https:\/\/www.lkeria.com\/actualites\/logement\/salon-habitat-immobilier-ouargla\/\" \/>\n<meta property=\"og:locale\" content=\"fr_FR\" \/>\n<meta property=\"og:type\" content=\"article\" \/>\n<meta property=\"og:title\" content=\"2e salon de l\u2019habitat et de l\u2019immobilier de Ouargla pr\u00e9vu la semaine prochaine - Actualit\u00e9 de l&#039;immobilier et le logement en Alg\u00e9rie\" \/>\n<meta property=\"og:description\" content=\"2e salon de l\u2019habitat et de l\u2019immobilier de Ouargla\u00a0\" \/>\n<meta property=\"og:url\" content=\"https:\/\/www.lkeria.com\/actualites\/logement\/salon-habitat-immobilier-ouargla\/\" \/>\n<meta property=\"og:site_name\" content=\"Actualit\u00e9 de l&#039;immobilier et le logement en Alg\u00e9rie\" \/>\n<meta property=\"article:publisher\" content=\"https:\/\/www.facebook.com\/lkeriacom\" \/>\n<meta property=\"article:published_time\" content=\"2013-11-20T21:20:12+00:00\" \/>\n<meta property=\"og:image\" content=\"https:\/\/www.lkeria.com\/wp-content\/uploads\/2013\/11\/salon-immobilier-225x145.jpg\" \/>\n<meta name=\"author\" content=\"Lotfi Ramdani\" \/>\n<meta name=\"twitter:card\" content=\"summary_large_image\" \/>\n<meta name=\"twitter:creator\" content=\"@lkeriacom\" \/>\n<meta name=\"twitter:site\" content=\"@lkeriacom\" \/>\n<meta name=\"twitter:label1\" content=\"\u00c9crit par\" \/>\n\t<meta name=\"twitter:data1\" content=\"Lotfi Ramdani\" \/>\n<!-- \/ Yoast SEO plugin. -->","yoast_head_json":{"title":"2e salon de l\u2019habitat et de l\u2019immobilier de Ouargla pr\u00e9vu la semaine prochaine - Actualit\u00e9 de l&#039;immobilier et le logement en Alg\u00e9rie","robots":{"index":"index","follow":"follow","max-snippet":"max-snippet:-1","max-image-preview":"max-image-preview:large","max-video-preview":"max-video-preview:-1"},"canonical":"https:\/\/www.lkeria.com\/actualites\/logement\/salon-habitat-immobilier-ouargla\/","og_locale":"fr_FR","og_type":"article","og_title":"2e salon de l\u2019habitat et de l\u2019immobilier de Ouargla pr\u00e9vu la semaine prochaine - Actualit\u00e9 de l&#039;immobilier et le logement en Alg\u00e9rie","og_description":"2e salon de l\u2019habitat et de l\u2019immobilier de Ouargla\u00a0","og_url":"https:\/\/www.lkeria.com\/actualites\/logement\/salon-habitat-immobilier-ouargla\/","og_site_name":"Actualit\u00e9 de l&#039;immobilier et le logement en Alg\u00e9rie","article_publisher":"https:\/\/www.facebook.com\/lkeriacom","article_published_time":"2013-11-20T21:20:12+00:00","og_image":[{"url":"https:\/\/www.lkeria.com\/wp-content\/uploads\/2013\/11\/salon-immobilier-225x145.jpg","type":"","width":"","height":""}],"author":"Lotfi Ramdani","twitter_card":"summary_large_image","twitter_creator":"@lkeriacom","twitter_site":"@lkeriacom","twitter_misc":{"\u00c9crit par":"Lotfi Ramdani"},"schema":{"@context":"https:\/\/schema.org","@graph":[{"@type":"Article","@id":"https:\/\/www.lkeria.com\/actualites\/logement\/salon-habitat-immobilier-ouargla\/#article","isPartOf":{"@id":"https:\/\/www.lkeria.com\/actualites\/logement\/salon-habitat-immobilier-ouargla\/"},"author":{"name":"Lotfi Ramdani","@id":"https:\/\/www.lkeria.com\/actualites\/#\/schema\/person\/3a4da2e91b49098351a6c1a04c231e06"},"headline":"2e salon de l\u2019habitat et de l\u2019immobilier de Ouargla pr\u00e9vu la semaine prochaine","datePublished":"2013-11-20T21:20:12+00:00","mainEntityOfPage":{"@id":"https:\/\/www.lkeria.com\/actualites\/logement\/salon-habitat-immobilier-ouargla\/"},"wordCount":27,"publisher":{"@id":"https:\/\/www.lkeria.com\/actualites\/#organization"},"image":{"@id":"https:\/\/www.lkeria.com\/actualites\/logement\/salon-habitat-immobilier-ouargla\/#primaryimage"},"thumbnailUrl":"https:\/\/www.lkeria.com\/wp-content\/uploads\/2013\/11\/salon-immobilier-225x145.jpg","articleSection":["Logement"],"inLanguage":"fr-FR"},{"@type":"WebPage","@id":"https:\/\/www.lkeria.com\/actualites\/logement\/salon-habitat-immobilier-ouargla\/","url":"https:\/\/www.lkeria.com\/actualites\/logement\/salon-habitat-immobilier-ouargla\/","name":"2e salon de l\u2019habitat et de l\u2019immobilier de Ouargla pr\u00e9vu la semaine prochaine - Actualit\u00e9 de l&#039;immobilier et le logement en Alg\u00e9rie","isPartOf":{"@id":"https:\/\/www.lkeria.com\/actualites\/#website"},"primaryImageOfPage":{"@id":"https:\/\/www.lkeria.com\/actualites\/logement\/salon-habitat-immobilier-ouargla\/#primaryimage"},"image":{"@id":"https:\/\/www.lkeria.com\/actualites\/logement\/salon-habitat-immobilier-ouargla\/#primaryimage"},"thumbnailUrl":"https:\/\/www.lkeria.com\/wp-content\/uploads\/2013\/11\/salon-immobilier-225x145.jpg","datePublished":"2013-11-20T21:20:12+00:00","breadcrumb":{"@id":"https:\/\/www.lkeria.com\/actualites\/logement\/salon-habitat-immobilier-ouargla\/#breadcrumb"},"inLanguage":"fr-FR","potentialAction":[{"@type":"ReadAction","target":["https:\/\/www.lkeria.com\/actualites\/logement\/salon-habitat-immobilier-ouargla\/"]}]},{"@type":"ImageObject","inLanguage":"fr-FR","@id":"https:\/\/www.lkeria.com\/actualites\/logement\/salon-habitat-immobilier-ouargla\/#primaryimage","url":"https:\/\/www.lkeria.com\/wp-content\/uploads\/2013\/11\/salon-immobilier-225x145.jpg","contentUrl":"https:\/\/www.lkeria.com\/wp-content\/uploads\/2013\/11\/salon-immobilier-225x145.jpg"},{"@type":"BreadcrumbList","@id":"https:\/\/www.lkeria.com\/actualites\/logement\/salon-habitat-immobilier-ouargla\/#breadcrumb","itemListElement":[{"@type":"ListItem","position":1,"name":"Accueil","item":"https:\/\/www.lkeria.com\/actualites\/"},{"@type":"ListItem","position":2,"name":"2e salon de l\u2019habitat et de l\u2019immobilier de Ouargla pr\u00e9vu la semaine prochaine"}]},{"@type":"WebSite","@id":"https:\/\/www.lkeria.com\/actualites\/#website","url":"https:\/\/www.lkeria.com\/actualites\/","name":"Actualit\u00e9 de l&#039;immobilier et le logement en Alg\u00e9rie","description":"logement et annonces immobili\u00e8res","publisher":{"@id":"https:\/\/www.lkeria.com\/actualites\/#organization"},"potentialAction":[{"@type":"SearchAction","target":{"@type":"EntryPoint","urlTemplate":"https:\/\/www.lkeria.com\/actualites\/?s={search_term_string}"},"query-input":{"@type":"PropertyValueSpecification","valueRequired":true,"valueName":"search_term_string"}}],"inLanguage":"fr-FR"},{"@type":"Organization","@id":"https:\/\/www.lkeria.com\/actualites\/#organization","name":"Lkeria","url":"https:\/\/www.lkeria.com\/actualites\/","logo":{"@type":"ImageObject","inLanguage":"fr-FR","@id":"https:\/\/www.lkeria.com\/actualites\/#\/schema\/logo\/image\/","url":"https:\/\/www.lkeria.com\/actualites\/wp-content\/uploads\/2020\/07\/logo-lkeria.png","contentUrl":"https:\/\/www.lkeria.com\/actualites\/wp-content\/uploads\/2020\/07\/logo-lkeria.png","width":200,"height":72,"caption":"Lkeria"},"image":{"@id":"https:\/\/www.lkeria.com\/actualites\/#\/schema\/logo\/image\/"},"sameAs":["https:\/\/www.facebook.com\/lkeriacom","https:\/\/x.com\/lkeriacom"]},{"@type":"Person","@id":"https:\/\/www.lkeria.com\/actualites\/#\/schema\/person\/3a4da2e91b49098351a6c1a04c231e06","name":"Lotfi Ramdani","image":{"@type":"ImageObject","inLanguage":"fr-FR","@id":"https:\/\/secure.gravatar.com\/avatar\/769db425c6f465158149f1ffd6cf61ce7a8a879d11dfbef8288af36dfddd418c?s=96&d=mm&r=g","url":"https:\/\/secure.gravatar.com\/avatar\/769db425c6f465158149f1ffd6cf61ce7a8a879d11dfbef8288af36dfddd418c?s=96&d=mm&r=g","contentUrl":"https:\/\/secure.gravatar.com\/avatar\/769db425c6f465158149f1ffd6cf61ce7a8a879d11dfbef8288af36dfddd418c?s=96&d=mm&r=g","caption":"Lotfi Ramdani"},"url":"https:\/\/www.lkeria.com\/actualites\/author\/chakib32gmail-com\/"}]}},"amp_enabled":true,"_links":{"self":[{"href":"https:\/\/www.lkeria.com\/actualites\/wp-json\/wp\/v2\/posts\/4889","targetHints":{"allow":["GET"]}}],"collection":[{"href":"https:\/\/www.lkeria.com\/actualites\/wp-json\/wp\/v2\/posts"}],"about":[{"href":"https:\/\/www.lkeria.com\/actualites\/wp-json\/wp\/v2\/types\/post"}],"author":[{"embeddable":true,"href":"https:\/\/www.lkeria.com\/actualites\/wp-json\/wp\/v2\/users\/1"}],"replies":[{"embeddable":true,"href":"https:\/\/www.lkeria.com\/actualites\/wp-json\/wp\/v2\/comments?post=4889"}],"version-history":[{"count":0,"href":"https:\/\/www.lkeria.com\/actualites\/wp-json\/wp\/v2\/posts\/4889\/revisions"}],"wp:attachment":[{"href":"https:\/\/www.lkeria.com\/actualites\/wp-json\/wp\/v2\/media?parent=4889"}],"wp:term":[{"taxonomy":"category","embeddable":true,"href":"https:\/\/www.lkeria.com\/actualites\/wp-json\/wp\/v2\/categories?post=4889"},{"taxonomy":"post_tag","embeddable":true,"href":"https:\/\/www.lkeria.com\/actualites\/wp-json\/wp\/v2\/tags?post=4889"}],"curies":[{"name":"wp","href":"https:\/\/api.w.org\/{rel}","templated":true}]}}