{"id":4401,"date":"2015-11-09T18:48:00","date_gmt":"2015-11-09T17:48:00","guid":{"rendered":"https:\/\/www.lkeria.com\/actualites\/non-classe\/lancement-5000-logement-aadl-blida\/"},"modified":"2015-11-09T18:48:00","modified_gmt":"2015-11-09T17:48:00","slug":"lancement-5000-logement-aadl-blida","status":"publish","type":"post","link":"https:\/\/www.lkeria.com\/actualites\/aadl\/lancement-5000-logement-aadl-blida\/","title":{"rendered":"Lancement de 5000 logements AADL pour les blid\u00e9ens"},"content":{"rendered":"<p>Lancement de 5000 logements AADL pour les blid\u00e9ens par Sellal ce lundi 9 novembre 2015Le Premier ministre, Abdelmalek Sellal, a proc\u00e9d\u00e9 lundi dans le cadre de sa visite de travail \u00e0 Blida, \u00e0 la pose de la premi\u00e8re pierre d\u2019un <a target=\"_blank\" href=\"https:\/\/www.lkeria.com\/aadl-Bouarfa-logement-suivi-207\" rel=\"noopener noreferrer\">projet de r\u00e9alisation de 5.000 logements de type location-vente (AADL)<\/a>, dans la localit\u00e9 de Sidi Sarhane, dans la commune de Bouinane, \u00e0 l\u2019Est de la wilaya.<\/p>\n<p>Ce projet fait partie d\u2019un <a target=\"_blank\" href=\"https:\/\/www.lkeria.com\/suivi-aadl-Blida-09\" rel=\"noopener noreferrer\">quota de 10.000 logements de cette formule<\/a>, affect\u00e9s \u00e0 la wilaya de Blida ces derni\u00e8res ann\u00e9es.<\/p>\n<p>Sur place, le Premier ministre a exhort\u00e9 les responsables locaux du secteur \u00e0 implanter 4.000 autres unit\u00e9s de logements AADL sur le site de la ville nouvelle de Bouinan, en remplacement de 4.860 logements de type public locatif (LPL) qui \u00e9taient pr\u00e9vus initialement sur le site de Sidi Sarhane, suite \u00e0 la d\u00e9cision des autorit\u00e9s locales de consacrer une assiette de 165 ha pour des projets d\u2019habitat.<\/p>\n<p>Le Premier ministre a \u00e9cout\u00e9, sur place, un expos\u00e9 pr\u00e9sent\u00e9 par la directrice locale de l\u2019Office de promotion et de gestion immobili\u00e8re (OPGI), qui lui a fait part du non lancement, jusque-l\u00e0, d\u2019un total de 4.058 unit\u00e9s de logements inscrites depuis 2007.<\/p>\n<p>Un expos\u00e9 d\u00e9taill\u00e9 sur le projet de la ville nouvelle de Bouinan lui a \u00e9t\u00e9 \u00e9galement pr\u00e9sent\u00e9, sur place.<\/p>\n<p>La nouvelle ville de Bouinane est l\u2019un des quatre grands projets de m\u00eame type, initi\u00e9s par les autorit\u00e9s du pays, en vue de d\u00e9sengorger les grandes agglom\u00e9rations de la bande c\u00f4ti\u00e8re, d&rsquo;assurer un \u00e9quilibre g\u00e9ographique inter-villes et de limiter le ph\u00e9nom\u00e8ne de l\u2019exode rural.<\/p>\n<p>Elle est con\u00e7ue pour abriter plus de 52.000 logements, dont pr\u00e8s de 21.000 logements de type AADL et 784 logements mixtes ont \u00e9t\u00e9 lanc\u00e9s en r\u00e9alisation par l\u2019entreprise nationale de promotion et de gestion immobili\u00e8re (ENPI). Pas moins de 10.000 autres logements AADL et 716 logements mixtes, confi\u00e9s \u00e9galement \u00e0 l\u2019ENPI, y sont en cours de lancement.<\/p>\n<p>Cinq p\u00f4les d\u2019investissement, d\u00e9di\u00e9s aux domaine commercial, sanitaire, de loisir, industriel et de services sont projet\u00e9s au niveau de la nouvelle ville qui dispose, pour rappel, de 57945 m\u00e8tres lin\u00e9aires de voie de communication.<\/p>\n<p>M. Sellal a, par ailleurs, appel\u00e9 les responsables de ce projet \u00e0 coordonner leurs efforts avec les autorit\u00e9s locales de la wilaya pour sa concr\u00e9tisation. Il a \u00e9galement invit\u00e9 les op\u00e9rateurs \u00e9conomiques de la wilaya \u00e0 d\u00e9poser leurs dossiers d\u2019investissement au niveau de ce site.<\/p>\n","protected":false},"excerpt":{"rendered":"<p>Lancement de 5000 logements AADL pour les blid\u00e9ens par Sellal ce lundi 9 novembre 2015Le Premier ministre, Abdelmalek Sellal, a proc\u00e9d\u00e9 lundi dans le cadre de sa visite de travail \u00e0 Blida, \u00e0 la pose de la premi\u00e8re pierre d\u2019un projet de r\u00e9alisation de 5.000 logements de type location-vente (AADL), dans la localit\u00e9 de Sidi [&hellip;]<\/p>\n","protected":false},"author":2,"featured_media":0,"comment_status":"closed","ping_status":"closed","sticky":false,"template":"","format":"standard","meta":{"footnotes":""},"categories":[219],"tags":[10,525],"class_list":["post-4401","post","type-post","status-publish","format-standard","hentry","category-aadl","tag-aadl","tag-bouinane"],"yoast_head":"<!-- This site is optimized with the Yoast SEO plugin v27.5 - https:\/\/yoast.com\/product\/yoast-seo-wordpress\/ -->\n<title>Lancement de 5000 logements AADL pour les blid\u00e9ens - Actualit\u00e9 de l&#039;immobilier et le logement en Alg\u00e9rie<\/title>\n<meta name=\"robots\" content=\"index, follow, max-snippet:-1, max-image-preview:large, max-video-preview:-1\" \/>\n<link rel=\"canonical\" href=\"https:\/\/www.lkeria.com\/actualites\/aadl\/lancement-5000-logement-aadl-blida\/\" \/>\n<meta property=\"og:locale\" content=\"fr_FR\" \/>\n<meta property=\"og:type\" content=\"article\" \/>\n<meta property=\"og:title\" content=\"Lancement de 5000 logements AADL pour les blid\u00e9ens - Actualit\u00e9 de l&#039;immobilier et le logement en Alg\u00e9rie\" \/>\n<meta property=\"og:description\" content=\"Lancement de 5000 logements AADL pour les blid\u00e9ens par Sellal ce lundi 9 novembre 2015Le Premier ministre, Abdelmalek Sellal, a proc\u00e9d\u00e9 lundi dans le cadre de sa visite de travail \u00e0 Blida, \u00e0 la pose de la premi\u00e8re pierre d\u2019un projet de r\u00e9alisation de 5.000 logements de type location-vente (AADL), dans la localit\u00e9 de Sidi [&hellip;]\" \/>\n<meta property=\"og:url\" content=\"https:\/\/www.lkeria.com\/actualites\/aadl\/lancement-5000-logement-aadl-blida\/\" \/>\n<meta property=\"og:site_name\" content=\"Actualit\u00e9 de l&#039;immobilier et le logement en Alg\u00e9rie\" \/>\n<meta property=\"article:publisher\" content=\"https:\/\/www.facebook.com\/lkeriacom\" \/>\n<meta property=\"article:published_time\" content=\"2015-11-09T17:48:00+00:00\" \/>\n<meta property=\"og:image\" content=\"https:\/\/www.lkeria.com\/actualites\/wp-content\/uploads\/2020\/07\/logo-lkeria.png\" \/>\n\t<meta property=\"og:image:width\" content=\"200\" \/>\n\t<meta property=\"og:image:height\" content=\"72\" \/>\n\t<meta property=\"og:image:type\" content=\"image\/png\" \/>\n<meta name=\"author\" content=\"Redaction Lkeria\" \/>\n<meta name=\"twitter:card\" content=\"summary_large_image\" \/>\n<meta name=\"twitter:creator\" content=\"@lkeriacom\" \/>\n<meta name=\"twitter:site\" content=\"@lkeriacom\" \/>\n<meta name=\"twitter:label1\" content=\"\u00c9crit par\" \/>\n\t<meta name=\"twitter:data1\" content=\"Redaction Lkeria\" \/>\n\t<meta name=\"twitter:label2\" content=\"Dur\u00e9e de lecture estim\u00e9e\" \/>\n\t<meta name=\"twitter:data2\" content=\"2 minutes\" \/>\n<!-- \/ Yoast SEO plugin. -->","yoast_head_json":{"title":"Lancement de 5000 logements AADL pour les blid\u00e9ens - Actualit\u00e9 de l&#039;immobilier et le logement en Alg\u00e9rie","robots":{"index":"index","follow":"follow","max-snippet":"max-snippet:-1","max-image-preview":"max-image-preview:large","max-video-preview":"max-video-preview:-1"},"canonical":"https:\/\/www.lkeria.com\/actualites\/aadl\/lancement-5000-logement-aadl-blida\/","og_locale":"fr_FR","og_type":"article","og_title":"Lancement de 5000 logements AADL pour les blid\u00e9ens - Actualit\u00e9 de l&#039;immobilier et le logement en Alg\u00e9rie","og_description":"Lancement de 5000 logements AADL pour les blid\u00e9ens par Sellal ce lundi 9 novembre 2015Le Premier ministre, Abdelmalek Sellal, a proc\u00e9d\u00e9 lundi dans le cadre de sa visite de travail \u00e0 Blida, \u00e0 la pose de la premi\u00e8re pierre d\u2019un projet de r\u00e9alisation de 5.000 logements de type location-vente (AADL), dans la localit\u00e9 de Sidi [&hellip;]","og_url":"https:\/\/www.lkeria.com\/actualites\/aadl\/lancement-5000-logement-aadl-blida\/","og_site_name":"Actualit\u00e9 de l&#039;immobilier et le logement en Alg\u00e9rie","article_publisher":"https:\/\/www.facebook.com\/lkeriacom","article_published_time":"2015-11-09T17:48:00+00:00","og_image":[{"width":200,"height":72,"url":"https:\/\/www.lkeria.com\/actualites\/wp-content\/uploads\/2020\/07\/logo-lkeria.png","type":"image\/png"}],"author":"Redaction Lkeria","twitter_card":"summary_large_image","twitter_creator":"@lkeriacom","twitter_site":"@lkeriacom","twitter_misc":{"\u00c9crit par":"Redaction Lkeria","Dur\u00e9e de lecture estim\u00e9e":"2 minutes"},"schema":{"@context":"https:\/\/schema.org","@graph":[{"@type":"Article","@id":"https:\/\/www.lkeria.com\/actualites\/aadl\/lancement-5000-logement-aadl-blida\/#article","isPartOf":{"@id":"https:\/\/www.lkeria.com\/actualites\/aadl\/lancement-5000-logement-aadl-blida\/"},"author":{"name":"Redaction Lkeria","@id":"https:\/\/www.lkeria.com\/actualites\/#\/schema\/person\/84f2fb96cc90196c394f815cbfa77c52"},"headline":"Lancement de 5000 logements AADL pour les blid\u00e9ens","datePublished":"2015-11-09T17:48:00+00:00","mainEntityOfPage":{"@id":"https:\/\/www.lkeria.com\/actualites\/aadl\/lancement-5000-logement-aadl-blida\/"},"wordCount":434,"publisher":{"@id":"https:\/\/www.lkeria.com\/actualites\/#organization"},"keywords":["aadl","bouinane"],"articleSection":["AADL"],"inLanguage":"fr-FR"},{"@type":"WebPage","@id":"https:\/\/www.lkeria.com\/actualites\/aadl\/lancement-5000-logement-aadl-blida\/","url":"https:\/\/www.lkeria.com\/actualites\/aadl\/lancement-5000-logement-aadl-blida\/","name":"Lancement de 5000 logements AADL pour les blid\u00e9ens - Actualit\u00e9 de l&#039;immobilier et le logement en Alg\u00e9rie","isPartOf":{"@id":"https:\/\/www.lkeria.com\/actualites\/#website"},"datePublished":"2015-11-09T17:48:00+00:00","breadcrumb":{"@id":"https:\/\/www.lkeria.com\/actualites\/aadl\/lancement-5000-logement-aadl-blida\/#breadcrumb"},"inLanguage":"fr-FR","potentialAction":[{"@type":"ReadAction","target":["https:\/\/www.lkeria.com\/actualites\/aadl\/lancement-5000-logement-aadl-blida\/"]}]},{"@type":"BreadcrumbList","@id":"https:\/\/www.lkeria.com\/actualites\/aadl\/lancement-5000-logement-aadl-blida\/#breadcrumb","itemListElement":[{"@type":"ListItem","position":1,"name":"Accueil","item":"https:\/\/www.lkeria.com\/actualites\/"},{"@type":"ListItem","position":2,"name":"Lancement de 5000 logements AADL pour les blid\u00e9ens"}]},{"@type":"WebSite","@id":"https:\/\/www.lkeria.com\/actualites\/#website","url":"https:\/\/www.lkeria.com\/actualites\/","name":"Actualit\u00e9 de l&#039;immobilier et le logement en Alg\u00e9rie","description":"logement et annonces immobili\u00e8res","publisher":{"@id":"https:\/\/www.lkeria.com\/actualites\/#organization"},"potentialAction":[{"@type":"SearchAction","target":{"@type":"EntryPoint","urlTemplate":"https:\/\/www.lkeria.com\/actualites\/?s={search_term_string}"},"query-input":{"@type":"PropertyValueSpecification","valueRequired":true,"valueName":"search_term_string"}}],"inLanguage":"fr-FR"},{"@type":"Organization","@id":"https:\/\/www.lkeria.com\/actualites\/#organization","name":"Lkeria","url":"https:\/\/www.lkeria.com\/actualites\/","logo":{"@type":"ImageObject","inLanguage":"fr-FR","@id":"https:\/\/www.lkeria.com\/actualites\/#\/schema\/logo\/image\/","url":"https:\/\/www.lkeria.com\/actualites\/wp-content\/uploads\/2020\/07\/logo-lkeria.png","contentUrl":"https:\/\/www.lkeria.com\/actualites\/wp-content\/uploads\/2020\/07\/logo-lkeria.png","width":200,"height":72,"caption":"Lkeria"},"image":{"@id":"https:\/\/www.lkeria.com\/actualites\/#\/schema\/logo\/image\/"},"sameAs":["https:\/\/www.facebook.com\/lkeriacom","https:\/\/x.com\/lkeriacom"]},{"@type":"Person","@id":"https:\/\/www.lkeria.com\/actualites\/#\/schema\/person\/84f2fb96cc90196c394f815cbfa77c52","name":"Redaction Lkeria","image":{"@type":"ImageObject","inLanguage":"fr-FR","@id":"https:\/\/secure.gravatar.com\/avatar\/48e200b39e208acb6332380c0488f95d484cd35b18368b825b10ba19931944ff?s=96&d=mm&r=g","url":"https:\/\/secure.gravatar.com\/avatar\/48e200b39e208acb6332380c0488f95d484cd35b18368b825b10ba19931944ff?s=96&d=mm&r=g","contentUrl":"https:\/\/secure.gravatar.com\/avatar\/48e200b39e208acb6332380c0488f95d484cd35b18368b825b10ba19931944ff?s=96&d=mm&r=g","caption":"Redaction Lkeria"},"url":"https:\/\/www.lkeria.com\/actualites\/author\/redaction-lkeria\/"}]}},"amp_enabled":true,"_links":{"self":[{"href":"https:\/\/www.lkeria.com\/actualites\/wp-json\/wp\/v2\/posts\/4401","targetHints":{"allow":["GET"]}}],"collection":[{"href":"https:\/\/www.lkeria.com\/actualites\/wp-json\/wp\/v2\/posts"}],"about":[{"href":"https:\/\/www.lkeria.com\/actualites\/wp-json\/wp\/v2\/types\/post"}],"author":[{"embeddable":true,"href":"https:\/\/www.lkeria.com\/actualites\/wp-json\/wp\/v2\/users\/2"}],"replies":[{"embeddable":true,"href":"https:\/\/www.lkeria.com\/actualites\/wp-json\/wp\/v2\/comments?post=4401"}],"version-history":[{"count":0,"href":"https:\/\/www.lkeria.com\/actualites\/wp-json\/wp\/v2\/posts\/4401\/revisions"}],"wp:attachment":[{"href":"https:\/\/www.lkeria.com\/actualites\/wp-json\/wp\/v2\/media?parent=4401"}],"wp:term":[{"taxonomy":"category","embeddable":true,"href":"https:\/\/www.lkeria.com\/actualites\/wp-json\/wp\/v2\/categories?post=4401"},{"taxonomy":"post_tag","embeddable":true,"href":"https:\/\/www.lkeria.com\/actualites\/wp-json\/wp\/v2\/tags?post=4401"}],"curies":[{"name":"wp","href":"https:\/\/api.w.org\/{rel}","templated":true}]}}