{"id":4203,"date":"2017-08-20T14:14:05","date_gmt":"2017-08-20T12:14:05","guid":{"rendered":"https:\/\/www.lkeria.com\/actualites\/non-classe\/la-politique-de-logement-ne-changera-pas\/"},"modified":"2017-08-20T14:14:05","modified_gmt":"2017-08-20T12:14:05","slug":"la-politique-de-logement-ne-changera-pas","status":"publish","type":"post","link":"https:\/\/www.lkeria.com\/actualites\/immobilier\/la-politique-de-logement-ne-changera-pas\/","title":{"rendered":"La politique de logement ne changera pas"},"content":{"rendered":"<p>Avec le remaniement partiel qu\u2019a connu le gouvernement<br \/>\nalg\u00e9rien et l\u2019arriv\u00e9e de l\u2019ex-Wali de Mostaganem \u00e0 la t\u00eate du <a target=\"_blank\" rel=\"nofollow noopener noreferrer\" href=\"https:\/\/www.lkeria.com\/ministres-habitat-algerie.php\">minist\u00e8re de<br \/>\nl\u2019habitat de l\u2019urbanisme et de la ville<\/a>, des inqui\u00e9tudes et des questionnements<br \/>\nsur l\u2019avenir des diff\u00e9rentes formules publiques se partagent sur les r\u00e9seaux sociaux depuis quelques jours.<\/p>\n<p>En marge de la c\u00e9r\u00e9monie de passation de pouvoirs qui a eu<br \/>\nlieu samedi 19 ao\u00fbt \u00e0 Didouche mourad au si\u00e8ge du minist\u00e8re de l\u2019habitat, le<br \/>\nnouveau ministre de l\u2019habitat, M. Temmar \u00ab&nbsp;<i>remercie le Pr\u00e9sident de la r\u00e9publique<br \/>\net la confiance qu\u2019il a mis en ma personne pour diriger ce secteur sensible et<br \/>\nqui touche tous les citoyens<\/i>&nbsp;\u00bb.<\/p>\n<p>Afin de rassurer les citoyens et les souscripteurs des diff\u00e9rentes<br \/>\nformules publiques&nbsp;: <a target=\"_blank\" rel=\"nofollow noopener noreferrer\" href=\"https:\/\/www.lkeria.com\/logement-public-Algerie.php\">AADL, LPP, LPA <\/a>le nouveau ministre pr\u00e9cise que<br \/>\n\u00ab&nbsp;<i>Le programme (du logement, ndlr) est celui de son Excellence le<br \/>\nPr\u00e9sident de la R\u00e9publique, nous les ministres nous avons une feuille de route<br \/>\npour arriver au but<\/i>&nbsp;\u00bb. <\/p>\n<p>Le m\u00eame responsable ajoute \u00ab&nbsp;<i>Chaque ministre a sa<br \/>\nm\u00e9thode de travail, j\u2019\u00e9tais Wali et chaque Wali a sa m\u00e9thode de travail. Le but<br \/>\nest unique mais pour l\u2019atteindre chacun sa m\u00e9thode\u2026 On aura plusieurs &nbsp;ateliers pour tracer la feuiller de route et<br \/>\natteindre nos objectifs<\/i>.\u00bb<\/p>\n<p>Il faut comprendre que les objectifs et la politique restent<br \/>\ninchang\u00e9s car elles \u00e9manent directement du Pr\u00e9sident de la R\u00e9publique, il n\u2019y a<br \/>\nque la m\u00e9thode de gestion et la feuille de route pour atteindre lesdits<br \/>\nobjectifs qui diff\u00e9rent d\u2019un ministre \u00e0<br \/>\nun autre, d\u2019apr\u00e8s Monsieur Temmar.<\/p>\n","protected":false},"excerpt":{"rendered":"<p>Avec le remaniement partiel qu\u2019a connu le gouvernement alg\u00e9rien et l\u2019arriv\u00e9e de l\u2019ex-Wali de Mostaganem \u00e0 la t\u00eate du minist\u00e8re de l\u2019habitat de l\u2019urbanisme et de la ville, des inqui\u00e9tudes et des questionnements sur l\u2019avenir des diff\u00e9rentes formules publiques se partagent sur les r\u00e9seaux sociaux depuis quelques jours. En marge de la c\u00e9r\u00e9monie de passation [&hellip;]<\/p>\n","protected":false},"author":2,"featured_media":0,"comment_status":"closed","ping_status":"closed","sticky":false,"template":"","format":"standard","meta":{"footnotes":""},"categories":[228],"tags":[105,24],"class_list":["post-4203","post","type-post","status-publish","format-standard","hentry","category-immobilier","tag-bouteflika","tag-logement"],"yoast_head":"<!-- This site is optimized with the Yoast SEO plugin v27.5 - https:\/\/yoast.com\/product\/yoast-seo-wordpress\/ -->\n<title>La politique de logement ne changera pas - Actualit\u00e9 de l&#039;immobilier et le logement en Alg\u00e9rie<\/title>\n<meta name=\"robots\" content=\"index, follow, max-snippet:-1, max-image-preview:large, max-video-preview:-1\" \/>\n<link rel=\"canonical\" href=\"https:\/\/www.lkeria.com\/actualites\/immobilier\/la-politique-de-logement-ne-changera-pas\/\" \/>\n<meta property=\"og:locale\" content=\"fr_FR\" \/>\n<meta property=\"og:type\" content=\"article\" \/>\n<meta property=\"og:title\" content=\"La politique de logement ne changera pas - Actualit\u00e9 de l&#039;immobilier et le logement en Alg\u00e9rie\" \/>\n<meta property=\"og:description\" content=\"Avec le remaniement partiel qu\u2019a connu le gouvernement alg\u00e9rien et l\u2019arriv\u00e9e de l\u2019ex-Wali de Mostaganem \u00e0 la t\u00eate du minist\u00e8re de l\u2019habitat de l\u2019urbanisme et de la ville, des inqui\u00e9tudes et des questionnements sur l\u2019avenir des diff\u00e9rentes formules publiques se partagent sur les r\u00e9seaux sociaux depuis quelques jours. En marge de la c\u00e9r\u00e9monie de passation [&hellip;]\" \/>\n<meta property=\"og:url\" content=\"https:\/\/www.lkeria.com\/actualites\/immobilier\/la-politique-de-logement-ne-changera-pas\/\" \/>\n<meta property=\"og:site_name\" content=\"Actualit\u00e9 de l&#039;immobilier et le logement en Alg\u00e9rie\" \/>\n<meta property=\"article:publisher\" content=\"https:\/\/www.facebook.com\/lkeriacom\" \/>\n<meta property=\"article:published_time\" content=\"2017-08-20T12:14:05+00:00\" \/>\n<meta property=\"og:image\" content=\"https:\/\/www.lkeria.com\/actualites\/wp-content\/uploads\/2020\/07\/logo-lkeria.png\" \/>\n\t<meta property=\"og:image:width\" content=\"200\" \/>\n\t<meta property=\"og:image:height\" content=\"72\" \/>\n\t<meta property=\"og:image:type\" content=\"image\/png\" \/>\n<meta name=\"author\" content=\"Redaction Lkeria\" \/>\n<meta name=\"twitter:card\" content=\"summary_large_image\" \/>\n<meta name=\"twitter:creator\" content=\"@lkeriacom\" \/>\n<meta name=\"twitter:site\" content=\"@lkeriacom\" \/>\n<meta name=\"twitter:label1\" content=\"\u00c9crit par\" \/>\n\t<meta name=\"twitter:data1\" content=\"Redaction Lkeria\" \/>\n\t<meta name=\"twitter:label2\" content=\"Dur\u00e9e de lecture estim\u00e9e\" \/>\n\t<meta name=\"twitter:data2\" content=\"1 minute\" \/>\n<!-- \/ Yoast SEO plugin. -->","yoast_head_json":{"title":"La politique de logement ne changera pas - Actualit\u00e9 de l&#039;immobilier et le logement en Alg\u00e9rie","robots":{"index":"index","follow":"follow","max-snippet":"max-snippet:-1","max-image-preview":"max-image-preview:large","max-video-preview":"max-video-preview:-1"},"canonical":"https:\/\/www.lkeria.com\/actualites\/immobilier\/la-politique-de-logement-ne-changera-pas\/","og_locale":"fr_FR","og_type":"article","og_title":"La politique de logement ne changera pas - Actualit\u00e9 de l&#039;immobilier et le logement en Alg\u00e9rie","og_description":"Avec le remaniement partiel qu\u2019a connu le gouvernement alg\u00e9rien et l\u2019arriv\u00e9e de l\u2019ex-Wali de Mostaganem \u00e0 la t\u00eate du minist\u00e8re de l\u2019habitat de l\u2019urbanisme et de la ville, des inqui\u00e9tudes et des questionnements sur l\u2019avenir des diff\u00e9rentes formules publiques se partagent sur les r\u00e9seaux sociaux depuis quelques jours. En marge de la c\u00e9r\u00e9monie de passation [&hellip;]","og_url":"https:\/\/www.lkeria.com\/actualites\/immobilier\/la-politique-de-logement-ne-changera-pas\/","og_site_name":"Actualit\u00e9 de l&#039;immobilier et le logement en Alg\u00e9rie","article_publisher":"https:\/\/www.facebook.com\/lkeriacom","article_published_time":"2017-08-20T12:14:05+00:00","og_image":[{"width":200,"height":72,"url":"https:\/\/www.lkeria.com\/actualites\/wp-content\/uploads\/2020\/07\/logo-lkeria.png","type":"image\/png"}],"author":"Redaction Lkeria","twitter_card":"summary_large_image","twitter_creator":"@lkeriacom","twitter_site":"@lkeriacom","twitter_misc":{"\u00c9crit par":"Redaction Lkeria","Dur\u00e9e de lecture estim\u00e9e":"1 minute"},"schema":{"@context":"https:\/\/schema.org","@graph":[{"@type":"Article","@id":"https:\/\/www.lkeria.com\/actualites\/immobilier\/la-politique-de-logement-ne-changera-pas\/#article","isPartOf":{"@id":"https:\/\/www.lkeria.com\/actualites\/immobilier\/la-politique-de-logement-ne-changera-pas\/"},"author":{"name":"Redaction Lkeria","@id":"https:\/\/www.lkeria.com\/actualites\/#\/schema\/person\/84f2fb96cc90196c394f815cbfa77c52"},"headline":"La politique de logement ne changera pas","datePublished":"2017-08-20T12:14:05+00:00","mainEntityOfPage":{"@id":"https:\/\/www.lkeria.com\/actualites\/immobilier\/la-politique-de-logement-ne-changera-pas\/"},"wordCount":298,"publisher":{"@id":"https:\/\/www.lkeria.com\/actualites\/#organization"},"keywords":["bouteflika","logement"],"articleSection":["Immobilier"],"inLanguage":"fr-FR"},{"@type":"WebPage","@id":"https:\/\/www.lkeria.com\/actualites\/immobilier\/la-politique-de-logement-ne-changera-pas\/","url":"https:\/\/www.lkeria.com\/actualites\/immobilier\/la-politique-de-logement-ne-changera-pas\/","name":"La politique de logement ne changera pas - Actualit\u00e9 de l&#039;immobilier et le logement en Alg\u00e9rie","isPartOf":{"@id":"https:\/\/www.lkeria.com\/actualites\/#website"},"datePublished":"2017-08-20T12:14:05+00:00","breadcrumb":{"@id":"https:\/\/www.lkeria.com\/actualites\/immobilier\/la-politique-de-logement-ne-changera-pas\/#breadcrumb"},"inLanguage":"fr-FR","potentialAction":[{"@type":"ReadAction","target":["https:\/\/www.lkeria.com\/actualites\/immobilier\/la-politique-de-logement-ne-changera-pas\/"]}]},{"@type":"BreadcrumbList","@id":"https:\/\/www.lkeria.com\/actualites\/immobilier\/la-politique-de-logement-ne-changera-pas\/#breadcrumb","itemListElement":[{"@type":"ListItem","position":1,"name":"Accueil","item":"https:\/\/www.lkeria.com\/actualites\/"},{"@type":"ListItem","position":2,"name":"La politique de logement ne changera pas"}]},{"@type":"WebSite","@id":"https:\/\/www.lkeria.com\/actualites\/#website","url":"https:\/\/www.lkeria.com\/actualites\/","name":"Actualit\u00e9 de l&#039;immobilier et le logement en Alg\u00e9rie","description":"logement et annonces immobili\u00e8res","publisher":{"@id":"https:\/\/www.lkeria.com\/actualites\/#organization"},"potentialAction":[{"@type":"SearchAction","target":{"@type":"EntryPoint","urlTemplate":"https:\/\/www.lkeria.com\/actualites\/?s={search_term_string}"},"query-input":{"@type":"PropertyValueSpecification","valueRequired":true,"valueName":"search_term_string"}}],"inLanguage":"fr-FR"},{"@type":"Organization","@id":"https:\/\/www.lkeria.com\/actualites\/#organization","name":"Lkeria","url":"https:\/\/www.lkeria.com\/actualites\/","logo":{"@type":"ImageObject","inLanguage":"fr-FR","@id":"https:\/\/www.lkeria.com\/actualites\/#\/schema\/logo\/image\/","url":"https:\/\/www.lkeria.com\/actualites\/wp-content\/uploads\/2020\/07\/logo-lkeria.png","contentUrl":"https:\/\/www.lkeria.com\/actualites\/wp-content\/uploads\/2020\/07\/logo-lkeria.png","width":200,"height":72,"caption":"Lkeria"},"image":{"@id":"https:\/\/www.lkeria.com\/actualites\/#\/schema\/logo\/image\/"},"sameAs":["https:\/\/www.facebook.com\/lkeriacom","https:\/\/x.com\/lkeriacom"]},{"@type":"Person","@id":"https:\/\/www.lkeria.com\/actualites\/#\/schema\/person\/84f2fb96cc90196c394f815cbfa77c52","name":"Redaction Lkeria","image":{"@type":"ImageObject","inLanguage":"fr-FR","@id":"https:\/\/secure.gravatar.com\/avatar\/48e200b39e208acb6332380c0488f95d484cd35b18368b825b10ba19931944ff?s=96&d=mm&r=g","url":"https:\/\/secure.gravatar.com\/avatar\/48e200b39e208acb6332380c0488f95d484cd35b18368b825b10ba19931944ff?s=96&d=mm&r=g","contentUrl":"https:\/\/secure.gravatar.com\/avatar\/48e200b39e208acb6332380c0488f95d484cd35b18368b825b10ba19931944ff?s=96&d=mm&r=g","caption":"Redaction Lkeria"},"url":"https:\/\/www.lkeria.com\/actualites\/author\/redaction-lkeria\/"}]}},"amp_enabled":true,"_links":{"self":[{"href":"https:\/\/www.lkeria.com\/actualites\/wp-json\/wp\/v2\/posts\/4203","targetHints":{"allow":["GET"]}}],"collection":[{"href":"https:\/\/www.lkeria.com\/actualites\/wp-json\/wp\/v2\/posts"}],"about":[{"href":"https:\/\/www.lkeria.com\/actualites\/wp-json\/wp\/v2\/types\/post"}],"author":[{"embeddable":true,"href":"https:\/\/www.lkeria.com\/actualites\/wp-json\/wp\/v2\/users\/2"}],"replies":[{"embeddable":true,"href":"https:\/\/www.lkeria.com\/actualites\/wp-json\/wp\/v2\/comments?post=4203"}],"version-history":[{"count":0,"href":"https:\/\/www.lkeria.com\/actualites\/wp-json\/wp\/v2\/posts\/4203\/revisions"}],"wp:attachment":[{"href":"https:\/\/www.lkeria.com\/actualites\/wp-json\/wp\/v2\/media?parent=4203"}],"wp:term":[{"taxonomy":"category","embeddable":true,"href":"https:\/\/www.lkeria.com\/actualites\/wp-json\/wp\/v2\/categories?post=4203"},{"taxonomy":"post_tag","embeddable":true,"href":"https:\/\/www.lkeria.com\/actualites\/wp-json\/wp\/v2\/tags?post=4203"}],"curies":[{"name":"wp","href":"https:\/\/api.w.org\/{rel}","templated":true}]}}