{"id":4169,"date":"2017-10-16T08:58:05","date_gmt":"2017-10-16T06:58:05","guid":{"rendered":"https:\/\/www.lkeria.com\/actualites\/non-classe\/pas-de-baisse-de-prix-pour-les-logements-lpp\/"},"modified":"2017-10-16T08:58:05","modified_gmt":"2017-10-16T06:58:05","slug":"pas-de-baisse-de-prix-pour-les-logements-lpp","status":"publish","type":"post","link":"https:\/\/www.lkeria.com\/actualites\/lpp\/pas-de-baisse-de-prix-pour-les-logements-lpp\/","title":{"rendered":"Pas de baisse de prix pour les logements LPP selon le Ministre de l&rsquo;Habitat"},"content":{"rendered":"<p>D\u00e8s son arriv\u00e9e \u00e0 la t\u00eate du minist\u00e8re de l\u2019habitat, le nouveau ministre Tammar avait d\u00e9clar\u00e9 qu&rsquo;une \u00e9tude technique a \u00e9t\u00e9 entam\u00e9e par son d\u00e9partement minist\u00e9riel pour recalculer le prix r\u00e9el des logements publics, notamment le logement location-vente et le&nbsp;<a target=\"_blank\" rel=\"nofollow noopener noreferrer\" href=\"https:\/\/www.lkeria.com\/LPP-logement-public-promotionnel-algerie.php\">logement public LPP<\/a>&nbsp;ainsi que&nbsp;le logement social. L&rsquo;utilisation des produits locaux, moins cher que les produits<br \/>\nimport\u00e9s devrait faire baisser les co\u00fbts de r\u00e9alisation, avait-il d\u00e9clar\u00e9.<\/p>\n<p><span>Alors que les Lppisiste<br \/>\navaient interpr\u00e9t\u00e9 les d\u00e9clarations de Ministre de l&rsquo;Habitat&nbsp;Abdelwahid<br \/>\nTemmar comme une&nbsp;<a target=\"_blank\" rel=\"nofollow noopener noreferrer\" href=\"https:\/\/www.lkeria.com\/actualit%C3%A9\/aadl\/temmar-demande-une-etude-sur-les-prix-du-lpp-et-de-l-aadl\" title=\"Link: https:\/\/www.lkeria.com\/actualit%C3%A9\/aadl\/temmar-demande-une-etude-sur-les-prix-du-lpp-et-de-l-aadl\">promesse pour faire baisser le<br \/>\nprix des logements promotionnels public LPP<\/a>,&nbsp;ce matin,&nbsp;le<br \/>\nministre de l\u2019habitat&nbsp;lors de son<br \/>\npassage \u00e0 la radio nationale, a infirm\u00e9 cette interpr\u00e9tation.<\/span><\/p>\n<p>&nbsp;<\/p>\n<p><span>\u00ab\u00a0<b><i>&nbsp;<\/i><\/b><b><i>Il n&rsquo;y a pas de<br \/>\ndiminution de prix (des logements LPP, ndlr). Nous travaillons sur les co\u00fbts,<br \/>\npour les ma\u00eetriser<\/i><\/b>&nbsp;\u00a0\u00bb<br \/>\nr\u00e9pond le ministre de l\u2019habitat \u00e0 la question de la journaliste Souhila El<br \/>\nHachemi.<\/span><\/p>\n<p><span>Le<br \/>\nMinistre a rappel\u00e9 que sa d\u00e9claration mal interpr\u00e9t\u00e9e, tenue lors d&rsquo;une<br \/>\nconf\u00e9rence de presse au terme d&rsquo;une c\u00e9r\u00e9monie de remise des cl\u00e9s au profit des<br \/>\nb\u00e9n\u00e9ficiaires \u00e0 Alger concernait &nbsp;<i>une<br \/>\n\u00e9tude initi\u00e9 par des techniciens de son d\u00e9partement qui \u0153uvrent \u00e0 \u00e9tudier le<br \/>\nprix de r\u00e9alisation du m\u00e8tre carr\u00e9 des logements, toute formule confondue, dans<br \/>\nle cadre d&rsquo;un dossier technique d\u00e9taill\u00e9 et non le prix de cession<\/i>.<\/span><\/p>\n<p><span>Il<br \/>\nfaut rappeler que le prix des logements LPP a fait objet d\u2019un&nbsp;<a target=\"_blank\" rel=\"nofollow noopener noreferrer\" href=\"https:\/\/www.lkeria.com\/doc\/arrete-interministeriel-11-septembre-2016-portant-modalites-calcul-prix-cession-logement-promotionnel-public-lpp.pdf\">arr\u00eat\u00e9 interminist\u00e9riel du 11<br \/>\nseptembre 2016 portant les modalit\u00e9s de calcul du prix de cession du logement<br \/>\npromotionnel public<\/a>, &nbsp;comme \u00e7a \u00e9t\u00e9 le cas pour les logements<br \/>\nlocation-vente la semaine derni\u00e8re. Cependant cet arr\u00eat\u00e9 interminist\u00e9riel n\u2019a<br \/>\npas fix\u00e9 le co\u00fbt de revient de ce type de logements promotionnels, destin\u00e9s \u00e0<br \/>\nla classe moyenne haute. Seule la marge b\u00e9n\u00e9ficiaire du promoteur immobilier (ENPI)<br \/>\na \u00e9t\u00e9 fix\u00e9 \u00e0 5% du co\u00fbt de revient du logement.<\/span><\/p>\n<\/p>\n<p><span>&nbsp;Lire<br \/>\nl\u2019article de Lkeria sur l\u2019arr\u00eat\u00e9 portant sur les modalit\u00e9s de <a target=\"_blank\" rel=\"nofollow noopener noreferrer\" href=\"https:\/\/www.lkeria.com\/actualit%C3%A9\/lpp\/le-ministere-de-lhabitat-arrete-la-formule-de-calcul-du-prix-des-logements-lpp\">calcul du prix de cession des<br \/>\nlogements LPP<\/a>.<\/span><\/p>\n","protected":false},"excerpt":{"rendered":"<p>D\u00e8s son arriv\u00e9e \u00e0 la t\u00eate du minist\u00e8re de l\u2019habitat, le nouveau ministre Tammar avait d\u00e9clar\u00e9 qu&rsquo;une \u00e9tude technique a \u00e9t\u00e9 entam\u00e9e par son d\u00e9partement minist\u00e9riel pour recalculer le prix r\u00e9el des logements publics, notamment le logement location-vente et le&nbsp;logement public LPP&nbsp;ainsi que&nbsp;le logement social. L&rsquo;utilisation des produits locaux, moins cher que les produits import\u00e9s [&hellip;]<\/p>\n","protected":false},"author":2,"featured_media":0,"comment_status":"closed","ping_status":"closed","sticky":false,"template":"","format":"standard","meta":{"footnotes":""},"categories":[231],"tags":[414,3,415,9,398],"class_list":["post-4169","post","type-post","status-publish","format-standard","hentry","category-lpp","tag-cout-lpp","tag-immobilier","tag-logement-algerie","tag-lpp","tag-prix-lpp"],"yoast_head":"<!-- This site is optimized with the Yoast SEO plugin v27.5 - https:\/\/yoast.com\/product\/yoast-seo-wordpress\/ -->\n<title>Pas de baisse de prix pour les logements LPP selon le Ministre de l&#039;Habitat - Actualit\u00e9 de l&#039;immobilier et le logement en Alg\u00e9rie<\/title>\n<meta name=\"robots\" content=\"index, follow, max-snippet:-1, max-image-preview:large, max-video-preview:-1\" \/>\n<link rel=\"canonical\" href=\"https:\/\/www.lkeria.com\/actualites\/lpp\/pas-de-baisse-de-prix-pour-les-logements-lpp\/\" \/>\n<meta property=\"og:locale\" content=\"fr_FR\" \/>\n<meta property=\"og:type\" content=\"article\" \/>\n<meta property=\"og:title\" content=\"Pas de baisse de prix pour les logements LPP selon le Ministre de l&#039;Habitat - Actualit\u00e9 de l&#039;immobilier et le logement en Alg\u00e9rie\" \/>\n<meta property=\"og:description\" content=\"D\u00e8s son arriv\u00e9e \u00e0 la t\u00eate du minist\u00e8re de l\u2019habitat, le nouveau ministre Tammar avait d\u00e9clar\u00e9 qu&rsquo;une \u00e9tude technique a \u00e9t\u00e9 entam\u00e9e par son d\u00e9partement minist\u00e9riel pour recalculer le prix r\u00e9el des logements publics, notamment le logement location-vente et le&nbsp;logement public LPP&nbsp;ainsi que&nbsp;le logement social. L&rsquo;utilisation des produits locaux, moins cher que les produits import\u00e9s [&hellip;]\" \/>\n<meta property=\"og:url\" content=\"https:\/\/www.lkeria.com\/actualites\/lpp\/pas-de-baisse-de-prix-pour-les-logements-lpp\/\" \/>\n<meta property=\"og:site_name\" content=\"Actualit\u00e9 de l&#039;immobilier et le logement en Alg\u00e9rie\" \/>\n<meta property=\"article:publisher\" content=\"https:\/\/www.facebook.com\/lkeriacom\" \/>\n<meta property=\"article:published_time\" content=\"2017-10-16T06:58:05+00:00\" \/>\n<meta property=\"og:image\" content=\"https:\/\/www.lkeria.com\/actualites\/wp-content\/uploads\/2020\/07\/logo-lkeria.png\" \/>\n\t<meta property=\"og:image:width\" content=\"200\" \/>\n\t<meta property=\"og:image:height\" content=\"72\" \/>\n\t<meta property=\"og:image:type\" content=\"image\/png\" \/>\n<meta name=\"author\" content=\"Redaction Lkeria\" \/>\n<meta name=\"twitter:card\" content=\"summary_large_image\" \/>\n<meta name=\"twitter:creator\" content=\"@lkeriacom\" \/>\n<meta name=\"twitter:site\" content=\"@lkeriacom\" \/>\n<meta name=\"twitter:label1\" content=\"\u00c9crit par\" \/>\n\t<meta name=\"twitter:data1\" content=\"Redaction Lkeria\" \/>\n\t<meta name=\"twitter:label2\" content=\"Dur\u00e9e de lecture estim\u00e9e\" \/>\n\t<meta name=\"twitter:data2\" content=\"2 minutes\" \/>\n<!-- \/ Yoast SEO plugin. -->","yoast_head_json":{"title":"Pas de baisse de prix pour les logements LPP selon le Ministre de l'Habitat - Actualit\u00e9 de l&#039;immobilier et le logement en Alg\u00e9rie","robots":{"index":"index","follow":"follow","max-snippet":"max-snippet:-1","max-image-preview":"max-image-preview:large","max-video-preview":"max-video-preview:-1"},"canonical":"https:\/\/www.lkeria.com\/actualites\/lpp\/pas-de-baisse-de-prix-pour-les-logements-lpp\/","og_locale":"fr_FR","og_type":"article","og_title":"Pas de baisse de prix pour les logements LPP selon le Ministre de l'Habitat - Actualit\u00e9 de l&#039;immobilier et le logement en Alg\u00e9rie","og_description":"D\u00e8s son arriv\u00e9e \u00e0 la t\u00eate du minist\u00e8re de l\u2019habitat, le nouveau ministre Tammar avait d\u00e9clar\u00e9 qu&rsquo;une \u00e9tude technique a \u00e9t\u00e9 entam\u00e9e par son d\u00e9partement minist\u00e9riel pour recalculer le prix r\u00e9el des logements publics, notamment le logement location-vente et le&nbsp;logement public LPP&nbsp;ainsi que&nbsp;le logement social. L&rsquo;utilisation des produits locaux, moins cher que les produits import\u00e9s [&hellip;]","og_url":"https:\/\/www.lkeria.com\/actualites\/lpp\/pas-de-baisse-de-prix-pour-les-logements-lpp\/","og_site_name":"Actualit\u00e9 de l&#039;immobilier et le logement en Alg\u00e9rie","article_publisher":"https:\/\/www.facebook.com\/lkeriacom","article_published_time":"2017-10-16T06:58:05+00:00","og_image":[{"width":200,"height":72,"url":"https:\/\/www.lkeria.com\/actualites\/wp-content\/uploads\/2020\/07\/logo-lkeria.png","type":"image\/png"}],"author":"Redaction Lkeria","twitter_card":"summary_large_image","twitter_creator":"@lkeriacom","twitter_site":"@lkeriacom","twitter_misc":{"\u00c9crit par":"Redaction Lkeria","Dur\u00e9e de lecture estim\u00e9e":"2 minutes"},"schema":{"@context":"https:\/\/schema.org","@graph":[{"@type":"Article","@id":"https:\/\/www.lkeria.com\/actualites\/lpp\/pas-de-baisse-de-prix-pour-les-logements-lpp\/#article","isPartOf":{"@id":"https:\/\/www.lkeria.com\/actualites\/lpp\/pas-de-baisse-de-prix-pour-les-logements-lpp\/"},"author":{"name":"Redaction Lkeria","@id":"https:\/\/www.lkeria.com\/actualites\/#\/schema\/person\/84f2fb96cc90196c394f815cbfa77c52"},"headline":"Pas de baisse de prix pour les logements LPP selon le Ministre de l&rsquo;Habitat","datePublished":"2017-10-16T06:58:05+00:00","mainEntityOfPage":{"@id":"https:\/\/www.lkeria.com\/actualites\/lpp\/pas-de-baisse-de-prix-pour-les-logements-lpp\/"},"wordCount":398,"publisher":{"@id":"https:\/\/www.lkeria.com\/actualites\/#organization"},"keywords":["cout LPP","immobilier","logement algerie","lpp","prix LPP"],"articleSection":["Lpp"],"inLanguage":"fr-FR"},{"@type":"WebPage","@id":"https:\/\/www.lkeria.com\/actualites\/lpp\/pas-de-baisse-de-prix-pour-les-logements-lpp\/","url":"https:\/\/www.lkeria.com\/actualites\/lpp\/pas-de-baisse-de-prix-pour-les-logements-lpp\/","name":"Pas de baisse de prix pour les logements LPP selon le Ministre de l'Habitat - Actualit\u00e9 de l&#039;immobilier et le logement en Alg\u00e9rie","isPartOf":{"@id":"https:\/\/www.lkeria.com\/actualites\/#website"},"datePublished":"2017-10-16T06:58:05+00:00","breadcrumb":{"@id":"https:\/\/www.lkeria.com\/actualites\/lpp\/pas-de-baisse-de-prix-pour-les-logements-lpp\/#breadcrumb"},"inLanguage":"fr-FR","potentialAction":[{"@type":"ReadAction","target":["https:\/\/www.lkeria.com\/actualites\/lpp\/pas-de-baisse-de-prix-pour-les-logements-lpp\/"]}]},{"@type":"BreadcrumbList","@id":"https:\/\/www.lkeria.com\/actualites\/lpp\/pas-de-baisse-de-prix-pour-les-logements-lpp\/#breadcrumb","itemListElement":[{"@type":"ListItem","position":1,"name":"Accueil","item":"https:\/\/www.lkeria.com\/actualites\/"},{"@type":"ListItem","position":2,"name":"Pas de baisse de prix pour les logements LPP selon le Ministre de l&rsquo;Habitat"}]},{"@type":"WebSite","@id":"https:\/\/www.lkeria.com\/actualites\/#website","url":"https:\/\/www.lkeria.com\/actualites\/","name":"Actualit\u00e9 de l&#039;immobilier et le logement en Alg\u00e9rie","description":"logement et annonces immobili\u00e8res","publisher":{"@id":"https:\/\/www.lkeria.com\/actualites\/#organization"},"potentialAction":[{"@type":"SearchAction","target":{"@type":"EntryPoint","urlTemplate":"https:\/\/www.lkeria.com\/actualites\/?s={search_term_string}"},"query-input":{"@type":"PropertyValueSpecification","valueRequired":true,"valueName":"search_term_string"}}],"inLanguage":"fr-FR"},{"@type":"Organization","@id":"https:\/\/www.lkeria.com\/actualites\/#organization","name":"Lkeria","url":"https:\/\/www.lkeria.com\/actualites\/","logo":{"@type":"ImageObject","inLanguage":"fr-FR","@id":"https:\/\/www.lkeria.com\/actualites\/#\/schema\/logo\/image\/","url":"https:\/\/www.lkeria.com\/actualites\/wp-content\/uploads\/2020\/07\/logo-lkeria.png","contentUrl":"https:\/\/www.lkeria.com\/actualites\/wp-content\/uploads\/2020\/07\/logo-lkeria.png","width":200,"height":72,"caption":"Lkeria"},"image":{"@id":"https:\/\/www.lkeria.com\/actualites\/#\/schema\/logo\/image\/"},"sameAs":["https:\/\/www.facebook.com\/lkeriacom","https:\/\/x.com\/lkeriacom"]},{"@type":"Person","@id":"https:\/\/www.lkeria.com\/actualites\/#\/schema\/person\/84f2fb96cc90196c394f815cbfa77c52","name":"Redaction Lkeria","image":{"@type":"ImageObject","inLanguage":"fr-FR","@id":"https:\/\/secure.gravatar.com\/avatar\/48e200b39e208acb6332380c0488f95d484cd35b18368b825b10ba19931944ff?s=96&d=mm&r=g","url":"https:\/\/secure.gravatar.com\/avatar\/48e200b39e208acb6332380c0488f95d484cd35b18368b825b10ba19931944ff?s=96&d=mm&r=g","contentUrl":"https:\/\/secure.gravatar.com\/avatar\/48e200b39e208acb6332380c0488f95d484cd35b18368b825b10ba19931944ff?s=96&d=mm&r=g","caption":"Redaction Lkeria"},"url":"https:\/\/www.lkeria.com\/actualites\/author\/redaction-lkeria\/"}]}},"amp_enabled":true,"_links":{"self":[{"href":"https:\/\/www.lkeria.com\/actualites\/wp-json\/wp\/v2\/posts\/4169","targetHints":{"allow":["GET"]}}],"collection":[{"href":"https:\/\/www.lkeria.com\/actualites\/wp-json\/wp\/v2\/posts"}],"about":[{"href":"https:\/\/www.lkeria.com\/actualites\/wp-json\/wp\/v2\/types\/post"}],"author":[{"embeddable":true,"href":"https:\/\/www.lkeria.com\/actualites\/wp-json\/wp\/v2\/users\/2"}],"replies":[{"embeddable":true,"href":"https:\/\/www.lkeria.com\/actualites\/wp-json\/wp\/v2\/comments?post=4169"}],"version-history":[{"count":0,"href":"https:\/\/www.lkeria.com\/actualites\/wp-json\/wp\/v2\/posts\/4169\/revisions"}],"wp:attachment":[{"href":"https:\/\/www.lkeria.com\/actualites\/wp-json\/wp\/v2\/media?parent=4169"}],"wp:term":[{"taxonomy":"category","embeddable":true,"href":"https:\/\/www.lkeria.com\/actualites\/wp-json\/wp\/v2\/categories?post=4169"},{"taxonomy":"post_tag","embeddable":true,"href":"https:\/\/www.lkeria.com\/actualites\/wp-json\/wp\/v2\/tags?post=4169"}],"curies":[{"name":"wp","href":"https:\/\/api.w.org\/{rel}","templated":true}]}}