{"id":4168,"date":"2017-10-17T13:40:23","date_gmt":"2017-10-17T11:40:23","guid":{"rendered":"https:\/\/www.lkeria.com\/actualites\/non-classe\/vers-la-cession-de-tout-le-parc-locatif-public\/"},"modified":"2017-10-17T13:40:23","modified_gmt":"2017-10-17T11:40:23","slug":"vers-la-cession-de-tout-le-parc-locatif-public","status":"publish","type":"post","link":"https:\/\/www.lkeria.com\/actualites\/immobilier\/vers-la-cession-de-tout-le-parc-locatif-public\/","title":{"rendered":"une reflexion au niveau du minist\u00e9re de l&rsquo;habitat pour ceder le parc locatif public"},"content":{"rendered":"<p>Le gouvernement compte \u00e9largir le cercle de la <a target=\"_blank\" rel=\"nofollow noopener noreferrer\" href=\"https:\/\/www.lkeria.com\/Cession-bien-etat-opgi-algerie.php\" title=\"Link: https:\/\/www.lkeria.com\/Cession-bien-etat-opgi-algerie.php\">cession des biens de l&rsquo;Etat<\/a> pour inclure les logements des OPGI construits apr\u00e8s 2004, d&rsquo;apr\u00e8s le ministre de l&rsquo;habitat de l&rsquo;urbanisme et de la ville.<\/p>\n<div>Le gouvernement alg\u00e9rien veut revoir sa strat\u00e9gie quant \u00e0 la cession des biens de l&rsquo;Etat qui n&rsquo;a pas connu l\u2019engouement attendu par les pouvoirs publics.<\/p>\n<p>Il est indiqu\u00e9 que seulement 26% du parc mis en vente par les OPGI dans le carde de la cessions des biens de l&rsquo;Etat, qui compte&nbsp;un total de 673.000 logements sociaux, a pu \u00eatre rachet\u00e9 par ses occupants, soit 175.000 logements, malgr\u00e9 son faible prix de cession fix\u00e9 \u00e0 12.000 DA le m\u00b2&nbsp; ainsi que la possibilit\u00e9 de r\u00e9gulariser les ventes de pas de porte moyennant une amende de 20% sur le prix de cession.<\/p><\/div>\n<div><\/div>\n<div>Afin d&rsquo;inciter les locataires \u00e0 acqu\u00e9rir leurs logements, le gouvernement compte \u00e9galement r\u00e9duire voire supprimer la dur\u00e9e d&rsquo;incessibilit\u00e9 de ce type de logement public qui est fix\u00e9 actuellement \u00e0&nbsp;10 ann\u00e9es. C&rsquo;est ce qu&rsquo;on peut comprendre de l&rsquo;intervention du minist\u00e8re de l&rsquo;habitat ce matin \u00e0 la radio chaine 3.<\/div>\n<div><\/div>\n<div>Une r\u00e9flexion est en cours au niveau du minist\u00e8re \u00e0 fin de r\u00e9gler une fois pour toute le casse t\u00eate de l&rsquo;incessibilit\u00e9 et la sous location des logement AADL et la vente du pas de portes des logements sociaux, avait d\u00e9clar\u00e9 le Ministre de l&rsquo;habitat.<\/p>\n<p><\/div>\n","protected":false},"excerpt":{"rendered":"<p>Le gouvernement compte \u00e9largir le cercle de la cession des biens de l&rsquo;Etat pour inclure les logements des OPGI construits apr\u00e8s 2004, d&rsquo;apr\u00e8s le ministre de l&rsquo;habitat de l&rsquo;urbanisme et de la ville. Le gouvernement alg\u00e9rien veut revoir sa strat\u00e9gie quant \u00e0 la cession des biens de l&rsquo;Etat qui n&rsquo;a pas connu l\u2019engouement attendu par [&hellip;]<\/p>\n","protected":false},"author":1,"featured_media":0,"comment_status":"closed","ping_status":"closed","sticky":false,"template":"","format":"standard","meta":{"footnotes":""},"categories":[228],"tags":[413,24,152],"class_list":["post-4168","post","type-post","status-publish","format-standard","hentry","category-immobilier","tag-cession","tag-logement","tag-opgi"],"yoast_head":"<!-- This site is optimized with the Yoast SEO plugin v27.5 - https:\/\/yoast.com\/product\/yoast-seo-wordpress\/ -->\n<title>une reflexion au niveau du minist\u00e9re de l&#039;habitat pour ceder le parc locatif public - Actualit\u00e9 de l&#039;immobilier et le logement en Alg\u00e9rie<\/title>\n<meta name=\"robots\" content=\"index, follow, max-snippet:-1, max-image-preview:large, max-video-preview:-1\" \/>\n<link rel=\"canonical\" href=\"https:\/\/www.lkeria.com\/actualites\/immobilier\/vers-la-cession-de-tout-le-parc-locatif-public\/\" \/>\n<meta property=\"og:locale\" content=\"fr_FR\" \/>\n<meta property=\"og:type\" content=\"article\" \/>\n<meta property=\"og:title\" content=\"une reflexion au niveau du minist\u00e9re de l&#039;habitat pour ceder le parc locatif public - Actualit\u00e9 de l&#039;immobilier et le logement en Alg\u00e9rie\" \/>\n<meta property=\"og:description\" content=\"Le gouvernement compte \u00e9largir le cercle de la cession des biens de l&rsquo;Etat pour inclure les logements des OPGI construits apr\u00e8s 2004, d&rsquo;apr\u00e8s le ministre de l&rsquo;habitat de l&rsquo;urbanisme et de la ville. Le gouvernement alg\u00e9rien veut revoir sa strat\u00e9gie quant \u00e0 la cession des biens de l&rsquo;Etat qui n&rsquo;a pas connu l\u2019engouement attendu par [&hellip;]\" \/>\n<meta property=\"og:url\" content=\"https:\/\/www.lkeria.com\/actualites\/immobilier\/vers-la-cession-de-tout-le-parc-locatif-public\/\" \/>\n<meta property=\"og:site_name\" content=\"Actualit\u00e9 de l&#039;immobilier et le logement en Alg\u00e9rie\" \/>\n<meta property=\"article:publisher\" content=\"https:\/\/www.facebook.com\/lkeriacom\" \/>\n<meta property=\"article:published_time\" content=\"2017-10-17T11:40:23+00:00\" \/>\n<meta property=\"og:image\" content=\"https:\/\/www.lkeria.com\/actualites\/wp-content\/uploads\/2020\/07\/logo-lkeria.png\" \/>\n\t<meta property=\"og:image:width\" content=\"200\" \/>\n\t<meta property=\"og:image:height\" content=\"72\" \/>\n\t<meta property=\"og:image:type\" content=\"image\/png\" \/>\n<meta name=\"author\" content=\"Lotfi Ramdani\" \/>\n<meta name=\"twitter:card\" content=\"summary_large_image\" \/>\n<meta name=\"twitter:creator\" content=\"@lkeriacom\" \/>\n<meta name=\"twitter:site\" content=\"@lkeriacom\" \/>\n<meta name=\"twitter:label1\" content=\"\u00c9crit par\" \/>\n\t<meta name=\"twitter:data1\" content=\"Lotfi Ramdani\" \/>\n\t<meta name=\"twitter:label2\" content=\"Dur\u00e9e de lecture estim\u00e9e\" \/>\n\t<meta name=\"twitter:data2\" content=\"1 minute\" \/>\n<!-- \/ Yoast SEO plugin. -->","yoast_head_json":{"title":"une reflexion au niveau du minist\u00e9re de l'habitat pour ceder le parc locatif public - Actualit\u00e9 de l&#039;immobilier et le logement en Alg\u00e9rie","robots":{"index":"index","follow":"follow","max-snippet":"max-snippet:-1","max-image-preview":"max-image-preview:large","max-video-preview":"max-video-preview:-1"},"canonical":"https:\/\/www.lkeria.com\/actualites\/immobilier\/vers-la-cession-de-tout-le-parc-locatif-public\/","og_locale":"fr_FR","og_type":"article","og_title":"une reflexion au niveau du minist\u00e9re de l'habitat pour ceder le parc locatif public - Actualit\u00e9 de l&#039;immobilier et le logement en Alg\u00e9rie","og_description":"Le gouvernement compte \u00e9largir le cercle de la cession des biens de l&rsquo;Etat pour inclure les logements des OPGI construits apr\u00e8s 2004, d&rsquo;apr\u00e8s le ministre de l&rsquo;habitat de l&rsquo;urbanisme et de la ville. Le gouvernement alg\u00e9rien veut revoir sa strat\u00e9gie quant \u00e0 la cession des biens de l&rsquo;Etat qui n&rsquo;a pas connu l\u2019engouement attendu par [&hellip;]","og_url":"https:\/\/www.lkeria.com\/actualites\/immobilier\/vers-la-cession-de-tout-le-parc-locatif-public\/","og_site_name":"Actualit\u00e9 de l&#039;immobilier et le logement en Alg\u00e9rie","article_publisher":"https:\/\/www.facebook.com\/lkeriacom","article_published_time":"2017-10-17T11:40:23+00:00","og_image":[{"width":200,"height":72,"url":"https:\/\/www.lkeria.com\/actualites\/wp-content\/uploads\/2020\/07\/logo-lkeria.png","type":"image\/png"}],"author":"Lotfi Ramdani","twitter_card":"summary_large_image","twitter_creator":"@lkeriacom","twitter_site":"@lkeriacom","twitter_misc":{"\u00c9crit par":"Lotfi Ramdani","Dur\u00e9e de lecture estim\u00e9e":"1 minute"},"schema":{"@context":"https:\/\/schema.org","@graph":[{"@type":"Article","@id":"https:\/\/www.lkeria.com\/actualites\/immobilier\/vers-la-cession-de-tout-le-parc-locatif-public\/#article","isPartOf":{"@id":"https:\/\/www.lkeria.com\/actualites\/immobilier\/vers-la-cession-de-tout-le-parc-locatif-public\/"},"author":{"name":"Lotfi Ramdani","@id":"https:\/\/www.lkeria.com\/actualites\/#\/schema\/person\/3a4da2e91b49098351a6c1a04c231e06"},"headline":"une reflexion au niveau du minist\u00e9re de l&rsquo;habitat pour ceder le parc locatif public","datePublished":"2017-10-17T11:40:23+00:00","mainEntityOfPage":{"@id":"https:\/\/www.lkeria.com\/actualites\/immobilier\/vers-la-cession-de-tout-le-parc-locatif-public\/"},"wordCount":264,"publisher":{"@id":"https:\/\/www.lkeria.com\/actualites\/#organization"},"keywords":["cession","logement","opgi"],"articleSection":["Immobilier"],"inLanguage":"fr-FR"},{"@type":"WebPage","@id":"https:\/\/www.lkeria.com\/actualites\/immobilier\/vers-la-cession-de-tout-le-parc-locatif-public\/","url":"https:\/\/www.lkeria.com\/actualites\/immobilier\/vers-la-cession-de-tout-le-parc-locatif-public\/","name":"une reflexion au niveau du minist\u00e9re de l'habitat pour ceder le parc locatif public - Actualit\u00e9 de l&#039;immobilier et le logement en Alg\u00e9rie","isPartOf":{"@id":"https:\/\/www.lkeria.com\/actualites\/#website"},"datePublished":"2017-10-17T11:40:23+00:00","breadcrumb":{"@id":"https:\/\/www.lkeria.com\/actualites\/immobilier\/vers-la-cession-de-tout-le-parc-locatif-public\/#breadcrumb"},"inLanguage":"fr-FR","potentialAction":[{"@type":"ReadAction","target":["https:\/\/www.lkeria.com\/actualites\/immobilier\/vers-la-cession-de-tout-le-parc-locatif-public\/"]}]},{"@type":"BreadcrumbList","@id":"https:\/\/www.lkeria.com\/actualites\/immobilier\/vers-la-cession-de-tout-le-parc-locatif-public\/#breadcrumb","itemListElement":[{"@type":"ListItem","position":1,"name":"Accueil","item":"https:\/\/www.lkeria.com\/actualites\/"},{"@type":"ListItem","position":2,"name":"une reflexion au niveau du minist\u00e9re de l&rsquo;habitat pour ceder le parc locatif public"}]},{"@type":"WebSite","@id":"https:\/\/www.lkeria.com\/actualites\/#website","url":"https:\/\/www.lkeria.com\/actualites\/","name":"Actualit\u00e9 de l&#039;immobilier et le logement en Alg\u00e9rie","description":"logement et annonces immobili\u00e8res","publisher":{"@id":"https:\/\/www.lkeria.com\/actualites\/#organization"},"potentialAction":[{"@type":"SearchAction","target":{"@type":"EntryPoint","urlTemplate":"https:\/\/www.lkeria.com\/actualites\/?s={search_term_string}"},"query-input":{"@type":"PropertyValueSpecification","valueRequired":true,"valueName":"search_term_string"}}],"inLanguage":"fr-FR"},{"@type":"Organization","@id":"https:\/\/www.lkeria.com\/actualites\/#organization","name":"Lkeria","url":"https:\/\/www.lkeria.com\/actualites\/","logo":{"@type":"ImageObject","inLanguage":"fr-FR","@id":"https:\/\/www.lkeria.com\/actualites\/#\/schema\/logo\/image\/","url":"https:\/\/www.lkeria.com\/actualites\/wp-content\/uploads\/2020\/07\/logo-lkeria.png","contentUrl":"https:\/\/www.lkeria.com\/actualites\/wp-content\/uploads\/2020\/07\/logo-lkeria.png","width":200,"height":72,"caption":"Lkeria"},"image":{"@id":"https:\/\/www.lkeria.com\/actualites\/#\/schema\/logo\/image\/"},"sameAs":["https:\/\/www.facebook.com\/lkeriacom","https:\/\/x.com\/lkeriacom"]},{"@type":"Person","@id":"https:\/\/www.lkeria.com\/actualites\/#\/schema\/person\/3a4da2e91b49098351a6c1a04c231e06","name":"Lotfi Ramdani","image":{"@type":"ImageObject","inLanguage":"fr-FR","@id":"https:\/\/secure.gravatar.com\/avatar\/769db425c6f465158149f1ffd6cf61ce7a8a879d11dfbef8288af36dfddd418c?s=96&d=mm&r=g","url":"https:\/\/secure.gravatar.com\/avatar\/769db425c6f465158149f1ffd6cf61ce7a8a879d11dfbef8288af36dfddd418c?s=96&d=mm&r=g","contentUrl":"https:\/\/secure.gravatar.com\/avatar\/769db425c6f465158149f1ffd6cf61ce7a8a879d11dfbef8288af36dfddd418c?s=96&d=mm&r=g","caption":"Lotfi Ramdani"},"url":"https:\/\/www.lkeria.com\/actualites\/author\/chakib32gmail-com\/"}]}},"amp_enabled":true,"_links":{"self":[{"href":"https:\/\/www.lkeria.com\/actualites\/wp-json\/wp\/v2\/posts\/4168","targetHints":{"allow":["GET"]}}],"collection":[{"href":"https:\/\/www.lkeria.com\/actualites\/wp-json\/wp\/v2\/posts"}],"about":[{"href":"https:\/\/www.lkeria.com\/actualites\/wp-json\/wp\/v2\/types\/post"}],"author":[{"embeddable":true,"href":"https:\/\/www.lkeria.com\/actualites\/wp-json\/wp\/v2\/users\/1"}],"replies":[{"embeddable":true,"href":"https:\/\/www.lkeria.com\/actualites\/wp-json\/wp\/v2\/comments?post=4168"}],"version-history":[{"count":0,"href":"https:\/\/www.lkeria.com\/actualites\/wp-json\/wp\/v2\/posts\/4168\/revisions"}],"wp:attachment":[{"href":"https:\/\/www.lkeria.com\/actualites\/wp-json\/wp\/v2\/media?parent=4168"}],"wp:term":[{"taxonomy":"category","embeddable":true,"href":"https:\/\/www.lkeria.com\/actualites\/wp-json\/wp\/v2\/categories?post=4168"},{"taxonomy":"post_tag","embeddable":true,"href":"https:\/\/www.lkeria.com\/actualites\/wp-json\/wp\/v2\/tags?post=4168"}],"curies":[{"name":"wp","href":"https:\/\/api.w.org\/{rel}","templated":true}]}}