{"id":4127,"date":"2017-12-12T00:00:00","date_gmt":"2017-12-11T23:00:00","guid":{"rendered":"https:\/\/www.lkeria.com\/actualites\/non-classe\/8-000-familles-seront-relogees-dans-la-capitale-la-fin-du-mois-de-decembre-2018\/"},"modified":"2021-06-08T11:53:44","modified_gmt":"2021-06-08T09:53:44","slug":"8-000-familles-seront-relogees-dans-la-capitale-la-fin-du-mois-de-decembre-2018","status":"publish","type":"post","link":"https:\/\/www.lkeria.com\/actualites\/logement\/8-000-familles-seront-relogees-dans-la-capitale-la-fin-du-mois-de-decembre-2018\/","title":{"rendered":"8 000 familles seront relog\u00e9es dans la capitale, fin 2018"},"content":{"rendered":"\n<p>Le Wali d\u2019Alger Monsieur Abdelkader Zoukh, a annonc\u00e9 que l\u2019op\u00e9ration de relogement concerne 8 000 familles ; et se d\u00e9roulera avant la fin de l&rsquo;ann\u00e9e en cours.<\/p>\n\n\n\n<p>En effet, cette d\u00e9claration vient en r\u00e9ponse \u00e0 une question pos\u00e9e au Wali de la capitale \u00a0par la presse ; en marge de session de l\u2019Assembl\u00e9e Populaire de Wilaya d\u00e9di\u00e9e \u00e0 l\u2019approbation du Budget primitif 2018 de la wilaya d&rsquo;Alger a-t-il ajout\u00e9 aussi.<\/p>\n\n\n\n<p>Le Wali d\u2019Alger a ajout\u00e9 \u00e9galement que l\u2019op\u00e9ration de relogement des familles sera men\u00e9e progressivement ; et que les diff\u00e9rentes commissions sont actuellement \u00e0 pied d\u2019\u0153uvre pour finaliser les listes ; des quartiers et des communes concern\u00e9s par l\u2019op\u00e9ration de relogement.<\/p>\n","protected":false},"excerpt":{"rendered":"<p>Le Wali d\u2019Alger Monsieur Abdelkader Zoukh, a annonc\u00e9 que l\u2019op\u00e9ration de relogement concerne 8 000 familles ; et se d\u00e9roulera avant la fin de l&rsquo;ann\u00e9e en cours. En effet, cette d\u00e9claration vient en r\u00e9ponse \u00e0 une question pos\u00e9e au Wali de la capitale \u00a0par la presse ; en marge de session de l\u2019Assembl\u00e9e Populaire de [&hellip;]<\/p>\n","protected":false},"author":4,"featured_media":5486,"comment_status":"closed","ping_status":"closed","sticky":false,"template":"","format":"standard","meta":{"footnotes":""},"categories":[229],"tags":[7,386,275,316],"class_list":["post-4127","post","type-post","status-publish","format-standard","has-post-thumbnail","hentry","category-logement","tag-alger","tag-capitale","tag-relogement","tag-wilaya-alger"],"yoast_head":"<!-- This site is optimized with the Yoast SEO plugin v27.5 - https:\/\/yoast.com\/product\/yoast-seo-wordpress\/ -->\n<title>8 000 familles seront relog\u00e9es dans la capitale, fin 2018 - Actualit\u00e9 de l&#039;immobilier et le logement en Alg\u00e9rie<\/title>\n<meta name=\"description\" content=\"Le Wali d\u2019Alger Abdelkader Zoukh, a annonc\u00e9 que l\u2019op\u00e9ration de relogement concerne 8 000 familles et se d\u00e9roulera avant la fin de l&#039;ann\u00e9e.\" \/>\n<meta name=\"robots\" content=\"index, follow, max-snippet:-1, max-image-preview:large, max-video-preview:-1\" \/>\n<link rel=\"canonical\" href=\"https:\/\/www.lkeria.com\/actualites\/logement\/8-000-familles-seront-relogees-dans-la-capitale-la-fin-du-mois-de-decembre-2018\/\" \/>\n<meta property=\"og:locale\" content=\"fr_FR\" \/>\n<meta property=\"og:type\" content=\"article\" \/>\n<meta property=\"og:title\" content=\"8 000 familles seront relog\u00e9es dans la capitale, fin 2018 - Actualit\u00e9 de l&#039;immobilier et le logement en Alg\u00e9rie\" \/>\n<meta property=\"og:description\" content=\"Le Wali d\u2019Alger Abdelkader Zoukh, a annonc\u00e9 que l\u2019op\u00e9ration de relogement concerne 8 000 familles et se d\u00e9roulera avant la fin de l&#039;ann\u00e9e.\" \/>\n<meta property=\"og:url\" content=\"https:\/\/www.lkeria.com\/actualites\/logement\/8-000-familles-seront-relogees-dans-la-capitale-la-fin-du-mois-de-decembre-2018\/\" \/>\n<meta property=\"og:site_name\" content=\"Actualit\u00e9 de l&#039;immobilier et le logement en Alg\u00e9rie\" \/>\n<meta property=\"article:publisher\" content=\"https:\/\/www.facebook.com\/lkeriacom\" \/>\n<meta property=\"article:published_time\" content=\"2017-12-11T23:00:00+00:00\" \/>\n<meta property=\"article:modified_time\" content=\"2021-06-08T09:53:44+00:00\" \/>\n<meta property=\"og:image\" content=\"https:\/\/www.lkeria.com\/actualites\/wp-content\/uploads\/2017\/12\/8_000_familles_seront_relogees_dans_la_capitale_la_fin_du_mois_de_decembre_2018.jpg\" \/>\n\t<meta property=\"og:image:width\" content=\"1000\" \/>\n\t<meta property=\"og:image:height\" content=\"714\" \/>\n\t<meta property=\"og:image:type\" content=\"image\/jpeg\" \/>\n<meta name=\"author\" content=\"Walid Nsaibia\" \/>\n<meta name=\"twitter:card\" content=\"summary_large_image\" \/>\n<meta name=\"twitter:creator\" content=\"@lkeriacom\" \/>\n<meta name=\"twitter:site\" content=\"@lkeriacom\" \/>\n<meta name=\"twitter:label1\" content=\"\u00c9crit par\" \/>\n\t<meta name=\"twitter:data1\" content=\"Walid Nsaibia\" \/>\n\t<meta name=\"twitter:label2\" content=\"Dur\u00e9e de lecture estim\u00e9e\" \/>\n\t<meta name=\"twitter:data2\" content=\"1 minute\" \/>\n<!-- \/ Yoast SEO plugin. -->","yoast_head_json":{"title":"8 000 familles seront relog\u00e9es dans la capitale, fin 2018 - Actualit\u00e9 de l&#039;immobilier et le logement en Alg\u00e9rie","description":"Le Wali d\u2019Alger Abdelkader Zoukh, a annonc\u00e9 que l\u2019op\u00e9ration de relogement concerne 8 000 familles et se d\u00e9roulera avant la fin de l'ann\u00e9e.","robots":{"index":"index","follow":"follow","max-snippet":"max-snippet:-1","max-image-preview":"max-image-preview:large","max-video-preview":"max-video-preview:-1"},"canonical":"https:\/\/www.lkeria.com\/actualites\/logement\/8-000-familles-seront-relogees-dans-la-capitale-la-fin-du-mois-de-decembre-2018\/","og_locale":"fr_FR","og_type":"article","og_title":"8 000 familles seront relog\u00e9es dans la capitale, fin 2018 - Actualit\u00e9 de l&#039;immobilier et le logement en Alg\u00e9rie","og_description":"Le Wali d\u2019Alger Abdelkader Zoukh, a annonc\u00e9 que l\u2019op\u00e9ration de relogement concerne 8 000 familles et se d\u00e9roulera avant la fin de l'ann\u00e9e.","og_url":"https:\/\/www.lkeria.com\/actualites\/logement\/8-000-familles-seront-relogees-dans-la-capitale-la-fin-du-mois-de-decembre-2018\/","og_site_name":"Actualit\u00e9 de l&#039;immobilier et le logement en Alg\u00e9rie","article_publisher":"https:\/\/www.facebook.com\/lkeriacom","article_published_time":"2017-12-11T23:00:00+00:00","article_modified_time":"2021-06-08T09:53:44+00:00","og_image":[{"width":1000,"height":714,"url":"https:\/\/www.lkeria.com\/actualites\/wp-content\/uploads\/2017\/12\/8_000_familles_seront_relogees_dans_la_capitale_la_fin_du_mois_de_decembre_2018.jpg","type":"image\/jpeg"}],"author":"Walid Nsaibia","twitter_card":"summary_large_image","twitter_creator":"@lkeriacom","twitter_site":"@lkeriacom","twitter_misc":{"\u00c9crit par":"Walid Nsaibia","Dur\u00e9e de lecture estim\u00e9e":"1 minute"},"schema":{"@context":"https:\/\/schema.org","@graph":[{"@type":"Article","@id":"https:\/\/www.lkeria.com\/actualites\/logement\/8-000-familles-seront-relogees-dans-la-capitale-la-fin-du-mois-de-decembre-2018\/#article","isPartOf":{"@id":"https:\/\/www.lkeria.com\/actualites\/logement\/8-000-familles-seront-relogees-dans-la-capitale-la-fin-du-mois-de-decembre-2018\/"},"author":{"name":"Walid Nsaibia","@id":"https:\/\/www.lkeria.com\/actualites\/#\/schema\/person\/01a9efe0255908909c439abe77431b07"},"headline":"8 000 familles seront relog\u00e9es dans la capitale, fin 2018","datePublished":"2017-12-11T23:00:00+00:00","dateModified":"2021-06-08T09:53:44+00:00","mainEntityOfPage":{"@id":"https:\/\/www.lkeria.com\/actualites\/logement\/8-000-familles-seront-relogees-dans-la-capitale-la-fin-du-mois-de-decembre-2018\/"},"wordCount":133,"publisher":{"@id":"https:\/\/www.lkeria.com\/actualites\/#organization"},"image":{"@id":"https:\/\/www.lkeria.com\/actualites\/logement\/8-000-familles-seront-relogees-dans-la-capitale-la-fin-du-mois-de-decembre-2018\/#primaryimage"},"thumbnailUrl":"https:\/\/www.lkeria.com\/actualites\/wp-content\/uploads\/2017\/12\/8_000_familles_seront_relogees_dans_la_capitale_la_fin_du_mois_de_decembre_2018.jpg","keywords":["alger","capitale","relogement","wilaya alger"],"articleSection":["Logement"],"inLanguage":"fr-FR"},{"@type":"WebPage","@id":"https:\/\/www.lkeria.com\/actualites\/logement\/8-000-familles-seront-relogees-dans-la-capitale-la-fin-du-mois-de-decembre-2018\/","url":"https:\/\/www.lkeria.com\/actualites\/logement\/8-000-familles-seront-relogees-dans-la-capitale-la-fin-du-mois-de-decembre-2018\/","name":"8 000 familles seront relog\u00e9es dans la capitale, fin 2018 - Actualit\u00e9 de l&#039;immobilier et le logement en Alg\u00e9rie","isPartOf":{"@id":"https:\/\/www.lkeria.com\/actualites\/#website"},"primaryImageOfPage":{"@id":"https:\/\/www.lkeria.com\/actualites\/logement\/8-000-familles-seront-relogees-dans-la-capitale-la-fin-du-mois-de-decembre-2018\/#primaryimage"},"image":{"@id":"https:\/\/www.lkeria.com\/actualites\/logement\/8-000-familles-seront-relogees-dans-la-capitale-la-fin-du-mois-de-decembre-2018\/#primaryimage"},"thumbnailUrl":"https:\/\/www.lkeria.com\/actualites\/wp-content\/uploads\/2017\/12\/8_000_familles_seront_relogees_dans_la_capitale_la_fin_du_mois_de_decembre_2018.jpg","datePublished":"2017-12-11T23:00:00+00:00","dateModified":"2021-06-08T09:53:44+00:00","description":"Le Wali d\u2019Alger Abdelkader Zoukh, a annonc\u00e9 que l\u2019op\u00e9ration de relogement concerne 8 000 familles et se d\u00e9roulera avant la fin de l'ann\u00e9e.","breadcrumb":{"@id":"https:\/\/www.lkeria.com\/actualites\/logement\/8-000-familles-seront-relogees-dans-la-capitale-la-fin-du-mois-de-decembre-2018\/#breadcrumb"},"inLanguage":"fr-FR","potentialAction":[{"@type":"ReadAction","target":["https:\/\/www.lkeria.com\/actualites\/logement\/8-000-familles-seront-relogees-dans-la-capitale-la-fin-du-mois-de-decembre-2018\/"]}]},{"@type":"ImageObject","inLanguage":"fr-FR","@id":"https:\/\/www.lkeria.com\/actualites\/logement\/8-000-familles-seront-relogees-dans-la-capitale-la-fin-du-mois-de-decembre-2018\/#primaryimage","url":"https:\/\/www.lkeria.com\/actualites\/wp-content\/uploads\/2017\/12\/8_000_familles_seront_relogees_dans_la_capitale_la_fin_du_mois_de_decembre_2018.jpg","contentUrl":"https:\/\/www.lkeria.com\/actualites\/wp-content\/uploads\/2017\/12\/8_000_familles_seront_relogees_dans_la_capitale_la_fin_du_mois_de_decembre_2018.jpg","width":1000,"height":714,"caption":"familles relog\u00e9es"},{"@type":"BreadcrumbList","@id":"https:\/\/www.lkeria.com\/actualites\/logement\/8-000-familles-seront-relogees-dans-la-capitale-la-fin-du-mois-de-decembre-2018\/#breadcrumb","itemListElement":[{"@type":"ListItem","position":1,"name":"Accueil","item":"https:\/\/www.lkeria.com\/actualites\/"},{"@type":"ListItem","position":2,"name":"8 000 familles seront relog\u00e9es dans la capitale, fin 2018"}]},{"@type":"WebSite","@id":"https:\/\/www.lkeria.com\/actualites\/#website","url":"https:\/\/www.lkeria.com\/actualites\/","name":"Actualit\u00e9 de l&#039;immobilier et le logement en Alg\u00e9rie","description":"logement et annonces immobili\u00e8res","publisher":{"@id":"https:\/\/www.lkeria.com\/actualites\/#organization"},"potentialAction":[{"@type":"SearchAction","target":{"@type":"EntryPoint","urlTemplate":"https:\/\/www.lkeria.com\/actualites\/?s={search_term_string}"},"query-input":{"@type":"PropertyValueSpecification","valueRequired":true,"valueName":"search_term_string"}}],"inLanguage":"fr-FR"},{"@type":"Organization","@id":"https:\/\/www.lkeria.com\/actualites\/#organization","name":"Lkeria","url":"https:\/\/www.lkeria.com\/actualites\/","logo":{"@type":"ImageObject","inLanguage":"fr-FR","@id":"https:\/\/www.lkeria.com\/actualites\/#\/schema\/logo\/image\/","url":"https:\/\/www.lkeria.com\/actualites\/wp-content\/uploads\/2020\/07\/logo-lkeria.png","contentUrl":"https:\/\/www.lkeria.com\/actualites\/wp-content\/uploads\/2020\/07\/logo-lkeria.png","width":200,"height":72,"caption":"Lkeria"},"image":{"@id":"https:\/\/www.lkeria.com\/actualites\/#\/schema\/logo\/image\/"},"sameAs":["https:\/\/www.facebook.com\/lkeriacom","https:\/\/x.com\/lkeriacom"]},{"@type":"Person","@id":"https:\/\/www.lkeria.com\/actualites\/#\/schema\/person\/01a9efe0255908909c439abe77431b07","name":"Walid Nsaibia","image":{"@type":"ImageObject","inLanguage":"fr-FR","@id":"https:\/\/secure.gravatar.com\/avatar\/?s=96&d=mm&r=g","url":"https:\/\/secure.gravatar.com\/avatar\/?s=96&d=mm&r=g","contentUrl":"https:\/\/secure.gravatar.com\/avatar\/?s=96&d=mm&r=g","caption":"Walid Nsaibia"},"url":"https:\/\/www.lkeria.com\/actualites\/author\/walid-nsaibia\/"}]}},"amp_enabled":true,"_links":{"self":[{"href":"https:\/\/www.lkeria.com\/actualites\/wp-json\/wp\/v2\/posts\/4127","targetHints":{"allow":["GET"]}}],"collection":[{"href":"https:\/\/www.lkeria.com\/actualites\/wp-json\/wp\/v2\/posts"}],"about":[{"href":"https:\/\/www.lkeria.com\/actualites\/wp-json\/wp\/v2\/types\/post"}],"author":[{"embeddable":true,"href":"https:\/\/www.lkeria.com\/actualites\/wp-json\/wp\/v2\/users\/4"}],"replies":[{"embeddable":true,"href":"https:\/\/www.lkeria.com\/actualites\/wp-json\/wp\/v2\/comments?post=4127"}],"version-history":[{"count":1,"href":"https:\/\/www.lkeria.com\/actualites\/wp-json\/wp\/v2\/posts\/4127\/revisions"}],"predecessor-version":[{"id":5487,"href":"https:\/\/www.lkeria.com\/actualites\/wp-json\/wp\/v2\/posts\/4127\/revisions\/5487"}],"wp:featuredmedia":[{"embeddable":true,"href":"https:\/\/www.lkeria.com\/actualites\/wp-json\/wp\/v2\/media\/5486"}],"wp:attachment":[{"href":"https:\/\/www.lkeria.com\/actualites\/wp-json\/wp\/v2\/media?parent=4127"}],"wp:term":[{"taxonomy":"category","embeddable":true,"href":"https:\/\/www.lkeria.com\/actualites\/wp-json\/wp\/v2\/categories?post=4127"},{"taxonomy":"post_tag","embeddable":true,"href":"https:\/\/www.lkeria.com\/actualites\/wp-json\/wp\/v2\/tags?post=4127"}],"curies":[{"name":"wp","href":"https:\/\/api.w.org\/{rel}","templated":true}]}}