{"id":4048,"date":"2018-07-04T00:00:00","date_gmt":"2018-07-03T22:00:00","guid":{"rendered":"https:\/\/www.lkeria.com\/actualites\/non-classe\/les-apc-alger-recevoir-demandes-logements-lpa\/"},"modified":"2018-07-04T00:00:00","modified_gmt":"2018-07-03T22:00:00","slug":"les-apc-alger-recevoir-demandes-logements-lpa","status":"publish","type":"post","link":"https:\/\/www.lkeria.com\/actualites\/lpa\/les-apc-alger-recevoir-demandes-logements-lpa\/","title":{"rendered":"Les APC d&rsquo;Alger commenceront Bient\u00f4t \u00e0 recevoir les demandes  de logements LPA"},"content":{"rendered":"<p><b>Selon le Wali d&rsquo;Alger Abdelkader Zoukh les communes d\u2019Alger commenceront bient\u00f4t \u00e0 recevoir les dossiers de demande des de la formule de logement&nbsp;LPA.<\/b><\/p>\n<p><p><span>Lors d\u2019une conf\u00e9rence de presse tenue aujourd\u2019hui le 04 juillet<br \/>\n2018, le Wali d\u2019Alger Abdelkader Zoukh a indiqu\u00e9 que les communes d\u2019Alger<br \/>\nallaient bient\u00f4t commencer \u00e0 recevoir les dossiers de demande des citoyens qui<br \/>\nsouhaitent acqu\u00e9rir un logement de type LPA. Le Wali d\u2019Alger a justifi\u00e9 les<br \/>\nraisons du retard accus\u00e9 dans le lancement des&nbsp;<b>4000&nbsp;<a target=\"_blank\" rel=\"follow noopener noreferrer\" href=\"https:\/\/www.lkeria.com\/Logement-Promotionnel-Aide-LPA-LSP.php\" title=\"Link: https:\/\/www.lkeria.com\/Logement-Promotionnel-Aide-LPA-LSP.php\">logements<br \/>\nLPA&nbsp;<\/a><\/b>au niveau de la<br \/>\ncapitale \u00e0 la p\u00e9nurie du foncier.<\/span><\/p>\n<p>Pour rappel, la conf\u00e9rence<br \/>\nde presse du Wali d\u2019Alger a \u00e9t\u00e9 tenue \u00e0 l&rsquo;occasion du lancement de la 24\u00e9me<br \/>\nphase de relogement qui qui connaitra l\u2019attribution de 8.000 logements toute<br \/>\nformule confondue.<\/p>\n<p>Le Wali d\u2019Alger a fait<br \/>\nsavoir que pr\u00e8s de 39.000 logements publics locatifs sont en cours de<br \/>\nr\u00e9alisation au niveau de la wilaya la capitale<\/p>\n<p><\/p>\n","protected":false},"excerpt":{"rendered":"<p>Selon le Wali d&rsquo;Alger Abdelkader Zoukh les communes d\u2019Alger commenceront bient\u00f4t \u00e0 recevoir les dossiers de demande des de la formule de logement&nbsp;LPA. Lors d\u2019une conf\u00e9rence de presse tenue aujourd\u2019hui le 04 juillet 2018, le Wali d\u2019Alger Abdelkader Zoukh a indiqu\u00e9 que les communes d\u2019Alger allaient bient\u00f4t commencer \u00e0 recevoir les dossiers de demande des [&hellip;]<\/p>\n","protected":false},"author":2,"featured_media":0,"comment_status":"closed","ping_status":"closed","sticky":false,"template":"","format":"standard","meta":{"footnotes":""},"categories":[230],"tags":[273,79,13,316],"class_list":["post-4048","post","type-post","status-publish","format-standard","hentry","category-lpa","tag-logement-alger","tag-lpa-alger","tag-lsp","tag-wilaya-alger"],"yoast_head":"<!-- This site is optimized with the Yoast SEO plugin v27.5 - https:\/\/yoast.com\/product\/yoast-seo-wordpress\/ -->\n<title>Les APC d&#039;Alger commenceront Bient\u00f4t \u00e0 recevoir les demandes de logements LPA - Actualit\u00e9 de l&#039;immobilier et le logement en Alg\u00e9rie<\/title>\n<meta name=\"robots\" content=\"index, follow, max-snippet:-1, max-image-preview:large, max-video-preview:-1\" \/>\n<link rel=\"canonical\" href=\"https:\/\/www.lkeria.com\/actualites\/lpa\/les-apc-alger-recevoir-demandes-logements-lpa\/\" \/>\n<meta property=\"og:locale\" content=\"fr_FR\" \/>\n<meta property=\"og:type\" content=\"article\" \/>\n<meta property=\"og:title\" content=\"Les APC d&#039;Alger commenceront Bient\u00f4t \u00e0 recevoir les demandes de logements LPA - Actualit\u00e9 de l&#039;immobilier et le logement en Alg\u00e9rie\" \/>\n<meta property=\"og:description\" content=\"Selon le Wali d&rsquo;Alger Abdelkader Zoukh les communes d\u2019Alger commenceront bient\u00f4t \u00e0 recevoir les dossiers de demande des de la formule de logement&nbsp;LPA. Lors d\u2019une conf\u00e9rence de presse tenue aujourd\u2019hui le 04 juillet 2018, le Wali d\u2019Alger Abdelkader Zoukh a indiqu\u00e9 que les communes d\u2019Alger allaient bient\u00f4t commencer \u00e0 recevoir les dossiers de demande des [&hellip;]\" \/>\n<meta property=\"og:url\" content=\"https:\/\/www.lkeria.com\/actualites\/lpa\/les-apc-alger-recevoir-demandes-logements-lpa\/\" \/>\n<meta property=\"og:site_name\" content=\"Actualit\u00e9 de l&#039;immobilier et le logement en Alg\u00e9rie\" \/>\n<meta property=\"article:publisher\" content=\"https:\/\/www.facebook.com\/lkeriacom\" \/>\n<meta property=\"article:published_time\" content=\"2018-07-03T22:00:00+00:00\" \/>\n<meta property=\"og:image\" content=\"https:\/\/www.lkeria.com\/actualites\/wp-content\/uploads\/2020\/07\/logo-lkeria.png\" \/>\n\t<meta property=\"og:image:width\" content=\"200\" \/>\n\t<meta property=\"og:image:height\" content=\"72\" \/>\n\t<meta property=\"og:image:type\" content=\"image\/png\" \/>\n<meta name=\"author\" content=\"Redaction Lkeria\" \/>\n<meta name=\"twitter:card\" content=\"summary_large_image\" \/>\n<meta name=\"twitter:creator\" content=\"@lkeriacom\" \/>\n<meta name=\"twitter:site\" content=\"@lkeriacom\" \/>\n<meta name=\"twitter:label1\" content=\"\u00c9crit par\" \/>\n\t<meta name=\"twitter:data1\" content=\"Redaction Lkeria\" \/>\n\t<meta name=\"twitter:label2\" content=\"Dur\u00e9e de lecture estim\u00e9e\" \/>\n\t<meta name=\"twitter:data2\" content=\"1 minute\" \/>\n<!-- \/ Yoast SEO plugin. -->","yoast_head_json":{"title":"Les APC d'Alger commenceront Bient\u00f4t \u00e0 recevoir les demandes de logements LPA - Actualit\u00e9 de l&#039;immobilier et le logement en Alg\u00e9rie","robots":{"index":"index","follow":"follow","max-snippet":"max-snippet:-1","max-image-preview":"max-image-preview:large","max-video-preview":"max-video-preview:-1"},"canonical":"https:\/\/www.lkeria.com\/actualites\/lpa\/les-apc-alger-recevoir-demandes-logements-lpa\/","og_locale":"fr_FR","og_type":"article","og_title":"Les APC d'Alger commenceront Bient\u00f4t \u00e0 recevoir les demandes de logements LPA - Actualit\u00e9 de l&#039;immobilier et le logement en Alg\u00e9rie","og_description":"Selon le Wali d&rsquo;Alger Abdelkader Zoukh les communes d\u2019Alger commenceront bient\u00f4t \u00e0 recevoir les dossiers de demande des de la formule de logement&nbsp;LPA. Lors d\u2019une conf\u00e9rence de presse tenue aujourd\u2019hui le 04 juillet 2018, le Wali d\u2019Alger Abdelkader Zoukh a indiqu\u00e9 que les communes d\u2019Alger allaient bient\u00f4t commencer \u00e0 recevoir les dossiers de demande des [&hellip;]","og_url":"https:\/\/www.lkeria.com\/actualites\/lpa\/les-apc-alger-recevoir-demandes-logements-lpa\/","og_site_name":"Actualit\u00e9 de l&#039;immobilier et le logement en Alg\u00e9rie","article_publisher":"https:\/\/www.facebook.com\/lkeriacom","article_published_time":"2018-07-03T22:00:00+00:00","og_image":[{"width":200,"height":72,"url":"https:\/\/www.lkeria.com\/actualites\/wp-content\/uploads\/2020\/07\/logo-lkeria.png","type":"image\/png"}],"author":"Redaction Lkeria","twitter_card":"summary_large_image","twitter_creator":"@lkeriacom","twitter_site":"@lkeriacom","twitter_misc":{"\u00c9crit par":"Redaction Lkeria","Dur\u00e9e de lecture estim\u00e9e":"1 minute"},"schema":{"@context":"https:\/\/schema.org","@graph":[{"@type":"Article","@id":"https:\/\/www.lkeria.com\/actualites\/lpa\/les-apc-alger-recevoir-demandes-logements-lpa\/#article","isPartOf":{"@id":"https:\/\/www.lkeria.com\/actualites\/lpa\/les-apc-alger-recevoir-demandes-logements-lpa\/"},"author":{"name":"Redaction Lkeria","@id":"https:\/\/www.lkeria.com\/actualites\/#\/schema\/person\/84f2fb96cc90196c394f815cbfa77c52"},"headline":"Les APC d&rsquo;Alger commenceront Bient\u00f4t \u00e0 recevoir les demandes de logements LPA","datePublished":"2018-07-03T22:00:00+00:00","mainEntityOfPage":{"@id":"https:\/\/www.lkeria.com\/actualites\/lpa\/les-apc-alger-recevoir-demandes-logements-lpa\/"},"wordCount":176,"publisher":{"@id":"https:\/\/www.lkeria.com\/actualites\/#organization"},"keywords":["logement alger","LPA Alger","lsp","wilaya alger"],"articleSection":["Lpa"],"inLanguage":"fr-FR"},{"@type":"WebPage","@id":"https:\/\/www.lkeria.com\/actualites\/lpa\/les-apc-alger-recevoir-demandes-logements-lpa\/","url":"https:\/\/www.lkeria.com\/actualites\/lpa\/les-apc-alger-recevoir-demandes-logements-lpa\/","name":"Les APC d'Alger commenceront Bient\u00f4t \u00e0 recevoir les demandes de logements LPA - Actualit\u00e9 de l&#039;immobilier et le logement en Alg\u00e9rie","isPartOf":{"@id":"https:\/\/www.lkeria.com\/actualites\/#website"},"datePublished":"2018-07-03T22:00:00+00:00","breadcrumb":{"@id":"https:\/\/www.lkeria.com\/actualites\/lpa\/les-apc-alger-recevoir-demandes-logements-lpa\/#breadcrumb"},"inLanguage":"fr-FR","potentialAction":[{"@type":"ReadAction","target":["https:\/\/www.lkeria.com\/actualites\/lpa\/les-apc-alger-recevoir-demandes-logements-lpa\/"]}]},{"@type":"BreadcrumbList","@id":"https:\/\/www.lkeria.com\/actualites\/lpa\/les-apc-alger-recevoir-demandes-logements-lpa\/#breadcrumb","itemListElement":[{"@type":"ListItem","position":1,"name":"Accueil","item":"https:\/\/www.lkeria.com\/actualites\/"},{"@type":"ListItem","position":2,"name":"Les APC d&rsquo;Alger commenceront Bient\u00f4t \u00e0 recevoir les demandes de logements LPA"}]},{"@type":"WebSite","@id":"https:\/\/www.lkeria.com\/actualites\/#website","url":"https:\/\/www.lkeria.com\/actualites\/","name":"Actualit\u00e9 de l&#039;immobilier et le logement en Alg\u00e9rie","description":"logement et annonces immobili\u00e8res","publisher":{"@id":"https:\/\/www.lkeria.com\/actualites\/#organization"},"potentialAction":[{"@type":"SearchAction","target":{"@type":"EntryPoint","urlTemplate":"https:\/\/www.lkeria.com\/actualites\/?s={search_term_string}"},"query-input":{"@type":"PropertyValueSpecification","valueRequired":true,"valueName":"search_term_string"}}],"inLanguage":"fr-FR"},{"@type":"Organization","@id":"https:\/\/www.lkeria.com\/actualites\/#organization","name":"Lkeria","url":"https:\/\/www.lkeria.com\/actualites\/","logo":{"@type":"ImageObject","inLanguage":"fr-FR","@id":"https:\/\/www.lkeria.com\/actualites\/#\/schema\/logo\/image\/","url":"https:\/\/www.lkeria.com\/actualites\/wp-content\/uploads\/2020\/07\/logo-lkeria.png","contentUrl":"https:\/\/www.lkeria.com\/actualites\/wp-content\/uploads\/2020\/07\/logo-lkeria.png","width":200,"height":72,"caption":"Lkeria"},"image":{"@id":"https:\/\/www.lkeria.com\/actualites\/#\/schema\/logo\/image\/"},"sameAs":["https:\/\/www.facebook.com\/lkeriacom","https:\/\/x.com\/lkeriacom"]},{"@type":"Person","@id":"https:\/\/www.lkeria.com\/actualites\/#\/schema\/person\/84f2fb96cc90196c394f815cbfa77c52","name":"Redaction Lkeria","image":{"@type":"ImageObject","inLanguage":"fr-FR","@id":"https:\/\/secure.gravatar.com\/avatar\/48e200b39e208acb6332380c0488f95d484cd35b18368b825b10ba19931944ff?s=96&d=mm&r=g","url":"https:\/\/secure.gravatar.com\/avatar\/48e200b39e208acb6332380c0488f95d484cd35b18368b825b10ba19931944ff?s=96&d=mm&r=g","contentUrl":"https:\/\/secure.gravatar.com\/avatar\/48e200b39e208acb6332380c0488f95d484cd35b18368b825b10ba19931944ff?s=96&d=mm&r=g","caption":"Redaction Lkeria"},"url":"https:\/\/www.lkeria.com\/actualites\/author\/redaction-lkeria\/"}]}},"amp_enabled":true,"_links":{"self":[{"href":"https:\/\/www.lkeria.com\/actualites\/wp-json\/wp\/v2\/posts\/4048","targetHints":{"allow":["GET"]}}],"collection":[{"href":"https:\/\/www.lkeria.com\/actualites\/wp-json\/wp\/v2\/posts"}],"about":[{"href":"https:\/\/www.lkeria.com\/actualites\/wp-json\/wp\/v2\/types\/post"}],"author":[{"embeddable":true,"href":"https:\/\/www.lkeria.com\/actualites\/wp-json\/wp\/v2\/users\/2"}],"replies":[{"embeddable":true,"href":"https:\/\/www.lkeria.com\/actualites\/wp-json\/wp\/v2\/comments?post=4048"}],"version-history":[{"count":0,"href":"https:\/\/www.lkeria.com\/actualites\/wp-json\/wp\/v2\/posts\/4048\/revisions"}],"wp:attachment":[{"href":"https:\/\/www.lkeria.com\/actualites\/wp-json\/wp\/v2\/media?parent=4048"}],"wp:term":[{"taxonomy":"category","embeddable":true,"href":"https:\/\/www.lkeria.com\/actualites\/wp-json\/wp\/v2\/categories?post=4048"},{"taxonomy":"post_tag","embeddable":true,"href":"https:\/\/www.lkeria.com\/actualites\/wp-json\/wp\/v2\/tags?post=4048"}],"curies":[{"name":"wp","href":"https:\/\/api.w.org\/{rel}","templated":true}]}}