{"id":4047,"date":"2018-07-05T00:00:00","date_gmt":"2018-07-04T22:00:00","guid":{"rendered":"https:\/\/www.lkeria.com\/actualites\/non-classe\/2018-les-locations-estivales-en-nette-baisse\/"},"modified":"2023-07-25T23:02:13","modified_gmt":"2023-07-25T21:02:13","slug":"2018-les-locations-estivales-en-nette-baisse","status":"publish","type":"post","link":"https:\/\/www.lkeria.com\/actualites\/transaction\/2018-les-locations-estivales-en-nette-baisse\/","title":{"rendered":"2018 : les locations estivales en nette baisse"},"content":{"rendered":"\n<p>L&rsquo;ann\u00e9e 2018 sera tr\u00e8s dur pour les propri\u00e9taires de <b>logements <\/b>sur tout le littorale alg\u00e9rien. La demande se fait rare et les prix de locations estivales de la unit\u00e9 commence \u00e0 fl\u00e9chir apr\u00e8s des ann\u00e9e d&rsquo;augmentation. <\/p>\n\n\n\n<p>L&rsquo;investissement dans un appartement dans une ville c\u00f4ti\u00e8re s&rsquo;est r\u00e9pandu d\u00e8s l&rsquo;apr\u00e8s d\u00e9cennie noir. Le manque d&rsquo;infrastructure h\u00f4teli\u00e8re \u00e0 fait na\u00eetre un march\u00e9 de location entre particuliers pour r\u00e9pondre \u00e0 une demande toujours croissante.<\/p>\n\n\n\n<p>En 2012 les pouvoirs public ont essay\u00e9 d&rsquo;encadrer cette pratique sans succ\u00e8s. Rare sont les propri\u00e9taires qui respectent la proc\u00e9dure officielle pour mettre en <a href=\"https:\/\/www.lkeria.com\/annonces\/immobilier\/location\" target=\"_blank\" rel=\"follow noopener noreferrer\">location leur appartement<\/a> durant la saison estivale.<\/p>\n\n\n\n<p>L&rsquo;expert Ramdani pr\u00e9cise dans la vid\u00e9o ci-dessous que \u00ab\u00a0Si on parle de la location de courte dur\u00e9e, principalement dans les villes c\u00f4ti\u00e8re, nous avons constat\u00e9 cette ann\u00e9e un recul des prix et de la demande\u00a0\u00bb.<\/p>\n\n\n\n<p>Il pr\u00e9cise \u00ab\u00a0Sur 100 locations, les ann\u00e9es pr\u00e9c\u00e9dentes on avait plus de location \u00e0 12.000 DA que des locations \u00e0 7000 DA. Cette ann\u00e9e la tendance a chang\u00e9, le loyer le plus propos\u00e9 tourne au tour de 6000 \u00e0 8000 DA la nuit\u00e9e.\u00a0\u00bb<\/p>\n\n\n\n<p>La baisse de la demande sur les locations estivales a caus\u00e9 la baisse du loyer. A Annaba les nuit\u00e9es sont propos\u00e9 \u00e0 8000 da en moyenne, Jijel entre 4000 et 6000 DA et B\u00e9jaia de 4000 da jusqu&rsquo;\u00e0 15.000 dinars alg\u00e9rien.<\/p>\n\n\n\n<p>Cette baisse de la demande sur les locations estivales peut \u00eatre expliqu\u00e9e, en partie, par les offres tr\u00e8s int\u00e9ressantes de nos voisins, notamment la Tunisie. En effet, cette derni\u00e8re propose des <b>s\u00e9jours <\/b>d&rsquo;une semaine \u00e0 32.000 DA seulement, dans un h\u00f4tel 4 \u00e9toile et avec un service de qualit\u00e9.<\/p>\n","protected":false},"excerpt":{"rendered":"<p>L&rsquo;ann\u00e9e 2018 sera tr\u00e8s dur pour les propri\u00e9taires de logements sur tout le littorale alg\u00e9rien. La demande se fait rare et les prix de locations estivales de la unit\u00e9 commence \u00e0 fl\u00e9chir apr\u00e8s des ann\u00e9e d&rsquo;augmentation. L&rsquo;investissement dans un appartement dans une ville c\u00f4ti\u00e8re s&rsquo;est r\u00e9pandu d\u00e8s l&rsquo;apr\u00e8s d\u00e9cennie noir. Le manque d&rsquo;infrastructure h\u00f4teli\u00e8re \u00e0 [&hellip;]<\/p>\n","protected":false},"author":2,"featured_media":6907,"comment_status":"closed","ping_status":"closed","sticky":false,"template":"","format":"standard","meta":{"footnotes":""},"categories":[234],"tags":[75,315],"class_list":["post-4047","post","type-post","status-publish","format-standard","has-post-thumbnail","hentry","category-transaction","tag-location","tag-vacances"],"yoast_head":"<!-- This site is optimized with the Yoast SEO plugin v27.5 - https:\/\/yoast.com\/product\/yoast-seo-wordpress\/ -->\n<title>2018 : les locations estivales en nette baisse - Actualit\u00e9 de l&#039;immobilier et le logement en Alg\u00e9rie<\/title>\n<meta name=\"description\" content=\"La demande se fait rare et les prix de locations estivales de la unit\u00e9 commence \u00e0 fl\u00e9chir apr\u00e8s des ann\u00e9e d&#039;augmentation.\" \/>\n<meta name=\"robots\" content=\"index, follow, max-snippet:-1, max-image-preview:large, max-video-preview:-1\" \/>\n<link rel=\"canonical\" href=\"https:\/\/www.lkeria.com\/actualites\/transaction\/2018-les-locations-estivales-en-nette-baisse\/\" \/>\n<meta property=\"og:locale\" content=\"fr_FR\" \/>\n<meta property=\"og:type\" content=\"article\" \/>\n<meta property=\"og:title\" content=\"2018 : les locations estivales en nette baisse - Actualit\u00e9 de l&#039;immobilier et le logement en Alg\u00e9rie\" \/>\n<meta property=\"og:description\" content=\"La demande se fait rare et les prix de locations estivales de la unit\u00e9 commence \u00e0 fl\u00e9chir apr\u00e8s des ann\u00e9e d&#039;augmentation.\" \/>\n<meta property=\"og:url\" content=\"https:\/\/www.lkeria.com\/actualites\/transaction\/2018-les-locations-estivales-en-nette-baisse\/\" \/>\n<meta property=\"og:site_name\" content=\"Actualit\u00e9 de l&#039;immobilier et le logement en Alg\u00e9rie\" \/>\n<meta property=\"article:publisher\" content=\"https:\/\/www.facebook.com\/lkeriacom\" \/>\n<meta property=\"article:published_time\" content=\"2018-07-04T22:00:00+00:00\" \/>\n<meta property=\"article:modified_time\" content=\"2023-07-25T21:02:13+00:00\" \/>\n<meta property=\"og:image\" content=\"https:\/\/www.lkeria.com\/actualites\/wp-content\/uploads\/2018\/07\/locations-estivales.jpg\" \/>\n\t<meta property=\"og:image:width\" content=\"1200\" \/>\n\t<meta property=\"og:image:height\" content=\"675\" \/>\n\t<meta property=\"og:image:type\" content=\"image\/jpeg\" \/>\n<meta name=\"author\" content=\"Redaction Lkeria\" \/>\n<meta name=\"twitter:card\" content=\"summary_large_image\" \/>\n<meta name=\"twitter:creator\" content=\"@lkeriacom\" \/>\n<meta name=\"twitter:site\" content=\"@lkeriacom\" \/>\n<meta name=\"twitter:label1\" content=\"\u00c9crit par\" \/>\n\t<meta name=\"twitter:data1\" content=\"Redaction Lkeria\" \/>\n\t<meta name=\"twitter:label2\" content=\"Dur\u00e9e de lecture estim\u00e9e\" \/>\n\t<meta name=\"twitter:data2\" content=\"2 minutes\" \/>\n<!-- \/ Yoast SEO plugin. -->","yoast_head_json":{"title":"2018 : les locations estivales en nette baisse - Actualit\u00e9 de l&#039;immobilier et le logement en Alg\u00e9rie","description":"La demande se fait rare et les prix de locations estivales de la unit\u00e9 commence \u00e0 fl\u00e9chir apr\u00e8s des ann\u00e9e d'augmentation.","robots":{"index":"index","follow":"follow","max-snippet":"max-snippet:-1","max-image-preview":"max-image-preview:large","max-video-preview":"max-video-preview:-1"},"canonical":"https:\/\/www.lkeria.com\/actualites\/transaction\/2018-les-locations-estivales-en-nette-baisse\/","og_locale":"fr_FR","og_type":"article","og_title":"2018 : les locations estivales en nette baisse - Actualit\u00e9 de l&#039;immobilier et le logement en Alg\u00e9rie","og_description":"La demande se fait rare et les prix de locations estivales de la unit\u00e9 commence \u00e0 fl\u00e9chir apr\u00e8s des ann\u00e9e d'augmentation.","og_url":"https:\/\/www.lkeria.com\/actualites\/transaction\/2018-les-locations-estivales-en-nette-baisse\/","og_site_name":"Actualit\u00e9 de l&#039;immobilier et le logement en Alg\u00e9rie","article_publisher":"https:\/\/www.facebook.com\/lkeriacom","article_published_time":"2018-07-04T22:00:00+00:00","article_modified_time":"2023-07-25T21:02:13+00:00","og_image":[{"width":1200,"height":675,"url":"https:\/\/www.lkeria.com\/actualites\/wp-content\/uploads\/2018\/07\/locations-estivales.jpg","type":"image\/jpeg"}],"author":"Redaction Lkeria","twitter_card":"summary_large_image","twitter_creator":"@lkeriacom","twitter_site":"@lkeriacom","twitter_misc":{"\u00c9crit par":"Redaction Lkeria","Dur\u00e9e de lecture estim\u00e9e":"2 minutes"},"schema":{"@context":"https:\/\/schema.org","@graph":[{"@type":"Article","@id":"https:\/\/www.lkeria.com\/actualites\/transaction\/2018-les-locations-estivales-en-nette-baisse\/#article","isPartOf":{"@id":"https:\/\/www.lkeria.com\/actualites\/transaction\/2018-les-locations-estivales-en-nette-baisse\/"},"author":{"name":"Redaction Lkeria","@id":"https:\/\/www.lkeria.com\/actualites\/#\/schema\/person\/84f2fb96cc90196c394f815cbfa77c52"},"headline":"2018 : les locations estivales en nette baisse","datePublished":"2018-07-04T22:00:00+00:00","dateModified":"2023-07-25T21:02:13+00:00","mainEntityOfPage":{"@id":"https:\/\/www.lkeria.com\/actualites\/transaction\/2018-les-locations-estivales-en-nette-baisse\/"},"wordCount":303,"publisher":{"@id":"https:\/\/www.lkeria.com\/actualites\/#organization"},"image":{"@id":"https:\/\/www.lkeria.com\/actualites\/transaction\/2018-les-locations-estivales-en-nette-baisse\/#primaryimage"},"thumbnailUrl":"https:\/\/www.lkeria.com\/actualites\/wp-content\/uploads\/2018\/07\/locations-estivales.jpg","keywords":["location","vacances"],"articleSection":["transaction"],"inLanguage":"fr-FR"},{"@type":"WebPage","@id":"https:\/\/www.lkeria.com\/actualites\/transaction\/2018-les-locations-estivales-en-nette-baisse\/","url":"https:\/\/www.lkeria.com\/actualites\/transaction\/2018-les-locations-estivales-en-nette-baisse\/","name":"2018 : les locations estivales en nette baisse - Actualit\u00e9 de l&#039;immobilier et le logement en Alg\u00e9rie","isPartOf":{"@id":"https:\/\/www.lkeria.com\/actualites\/#website"},"primaryImageOfPage":{"@id":"https:\/\/www.lkeria.com\/actualites\/transaction\/2018-les-locations-estivales-en-nette-baisse\/#primaryimage"},"image":{"@id":"https:\/\/www.lkeria.com\/actualites\/transaction\/2018-les-locations-estivales-en-nette-baisse\/#primaryimage"},"thumbnailUrl":"https:\/\/www.lkeria.com\/actualites\/wp-content\/uploads\/2018\/07\/locations-estivales.jpg","datePublished":"2018-07-04T22:00:00+00:00","dateModified":"2023-07-25T21:02:13+00:00","description":"La demande se fait rare et les prix de locations estivales de la unit\u00e9 commence \u00e0 fl\u00e9chir apr\u00e8s des ann\u00e9e d'augmentation.","breadcrumb":{"@id":"https:\/\/www.lkeria.com\/actualites\/transaction\/2018-les-locations-estivales-en-nette-baisse\/#breadcrumb"},"inLanguage":"fr-FR","potentialAction":[{"@type":"ReadAction","target":["https:\/\/www.lkeria.com\/actualites\/transaction\/2018-les-locations-estivales-en-nette-baisse\/"]}]},{"@type":"ImageObject","inLanguage":"fr-FR","@id":"https:\/\/www.lkeria.com\/actualites\/transaction\/2018-les-locations-estivales-en-nette-baisse\/#primaryimage","url":"https:\/\/www.lkeria.com\/actualites\/wp-content\/uploads\/2018\/07\/locations-estivales.jpg","contentUrl":"https:\/\/www.lkeria.com\/actualites\/wp-content\/uploads\/2018\/07\/locations-estivales.jpg","width":1200,"height":675,"caption":"locations estivales"},{"@type":"BreadcrumbList","@id":"https:\/\/www.lkeria.com\/actualites\/transaction\/2018-les-locations-estivales-en-nette-baisse\/#breadcrumb","itemListElement":[{"@type":"ListItem","position":1,"name":"Accueil","item":"https:\/\/www.lkeria.com\/actualites\/"},{"@type":"ListItem","position":2,"name":"2018 : les locations estivales en nette baisse"}]},{"@type":"WebSite","@id":"https:\/\/www.lkeria.com\/actualites\/#website","url":"https:\/\/www.lkeria.com\/actualites\/","name":"Actualit\u00e9 de l&#039;immobilier et le logement en Alg\u00e9rie","description":"logement et annonces immobili\u00e8res","publisher":{"@id":"https:\/\/www.lkeria.com\/actualites\/#organization"},"potentialAction":[{"@type":"SearchAction","target":{"@type":"EntryPoint","urlTemplate":"https:\/\/www.lkeria.com\/actualites\/?s={search_term_string}"},"query-input":{"@type":"PropertyValueSpecification","valueRequired":true,"valueName":"search_term_string"}}],"inLanguage":"fr-FR"},{"@type":"Organization","@id":"https:\/\/www.lkeria.com\/actualites\/#organization","name":"Lkeria","url":"https:\/\/www.lkeria.com\/actualites\/","logo":{"@type":"ImageObject","inLanguage":"fr-FR","@id":"https:\/\/www.lkeria.com\/actualites\/#\/schema\/logo\/image\/","url":"https:\/\/www.lkeria.com\/actualites\/wp-content\/uploads\/2020\/07\/logo-lkeria.png","contentUrl":"https:\/\/www.lkeria.com\/actualites\/wp-content\/uploads\/2020\/07\/logo-lkeria.png","width":200,"height":72,"caption":"Lkeria"},"image":{"@id":"https:\/\/www.lkeria.com\/actualites\/#\/schema\/logo\/image\/"},"sameAs":["https:\/\/www.facebook.com\/lkeriacom","https:\/\/x.com\/lkeriacom"]},{"@type":"Person","@id":"https:\/\/www.lkeria.com\/actualites\/#\/schema\/person\/84f2fb96cc90196c394f815cbfa77c52","name":"Redaction Lkeria","image":{"@type":"ImageObject","inLanguage":"fr-FR","@id":"https:\/\/secure.gravatar.com\/avatar\/48e200b39e208acb6332380c0488f95d484cd35b18368b825b10ba19931944ff?s=96&d=mm&r=g","url":"https:\/\/secure.gravatar.com\/avatar\/48e200b39e208acb6332380c0488f95d484cd35b18368b825b10ba19931944ff?s=96&d=mm&r=g","contentUrl":"https:\/\/secure.gravatar.com\/avatar\/48e200b39e208acb6332380c0488f95d484cd35b18368b825b10ba19931944ff?s=96&d=mm&r=g","caption":"Redaction Lkeria"},"url":"https:\/\/www.lkeria.com\/actualites\/author\/redaction-lkeria\/"}]}},"amp_enabled":true,"_links":{"self":[{"href":"https:\/\/www.lkeria.com\/actualites\/wp-json\/wp\/v2\/posts\/4047","targetHints":{"allow":["GET"]}}],"collection":[{"href":"https:\/\/www.lkeria.com\/actualites\/wp-json\/wp\/v2\/posts"}],"about":[{"href":"https:\/\/www.lkeria.com\/actualites\/wp-json\/wp\/v2\/types\/post"}],"author":[{"embeddable":true,"href":"https:\/\/www.lkeria.com\/actualites\/wp-json\/wp\/v2\/users\/2"}],"replies":[{"embeddable":true,"href":"https:\/\/www.lkeria.com\/actualites\/wp-json\/wp\/v2\/comments?post=4047"}],"version-history":[{"count":2,"href":"https:\/\/www.lkeria.com\/actualites\/wp-json\/wp\/v2\/posts\/4047\/revisions"}],"predecessor-version":[{"id":6908,"href":"https:\/\/www.lkeria.com\/actualites\/wp-json\/wp\/v2\/posts\/4047\/revisions\/6908"}],"wp:featuredmedia":[{"embeddable":true,"href":"https:\/\/www.lkeria.com\/actualites\/wp-json\/wp\/v2\/media\/6907"}],"wp:attachment":[{"href":"https:\/\/www.lkeria.com\/actualites\/wp-json\/wp\/v2\/media?parent=4047"}],"wp:term":[{"taxonomy":"category","embeddable":true,"href":"https:\/\/www.lkeria.com\/actualites\/wp-json\/wp\/v2\/categories?post=4047"},{"taxonomy":"post_tag","embeddable":true,"href":"https:\/\/www.lkeria.com\/actualites\/wp-json\/wp\/v2\/tags?post=4047"}],"curies":[{"name":"wp","href":"https:\/\/api.w.org\/{rel}","templated":true}]}}