{"id":4038,"date":"2018-07-17T00:00:00","date_gmt":"2018-07-16T22:00:00","guid":{"rendered":"https:\/\/www.lkeria.com\/actualites\/non-classe\/annulation-transfert-terrain-agricole-vers-l-industriel-qu-en-pensent-les-experts\/"},"modified":"2023-07-26T09:51:57","modified_gmt":"2023-07-26T07:51:57","slug":"annulation-transfert-terrain-agricole-vers-l-industriel-qu-en-pensent-les-experts","status":"publish","type":"post","link":"https:\/\/www.lkeria.com\/actualites\/urbanisme\/annulation-transfert-terrain-agricole-vers-l-industriel-qu-en-pensent-les-experts\/","title":{"rendered":"Transfert terrains agricoles vers l&rsquo;industriel qu&rsquo;en pensent les experts ?"},"content":{"rendered":"\n<p>La publication du\u00a0d\u00e9cret ex\u00e9cutif n\u00b0 18-168 du 12 Chaoual 1439 correspondant au 26 juin 2018 portant d\u00e9classement de parcelles de <a href=\"https:\/\/www.lkeria.com\/annonces\/immobilier\/vente\/terrain-agricole\" target=\"_blank\" rel=\"follow noopener noreferrer\">terres agricoles<\/a> (transfert terrains agricoles) affect\u00e9es pour la r\u00e9alisation de zones industrielles dans certaines wilayas, a fait r\u00e9agir les experts sur le d\u00e9classement des terres agricoles et sur l&rsquo;annulation de trois projets par le d\u00e9cret\u00a018-168.<\/p>\n\n\n\n<p>L&rsquo;expert immobilier, Abderrahmen Benyamina, nous d\u00e9clare que \u00ab\u00a0Chaque projet de transfert d&rsquo;une terre agricole se repose sur deux points. Le premier point et technique et le deuxi\u00e8me est une proc\u00e9dure r\u00e9glementaire.\u00a0\u00bb\u00a0<\/p>\n\n\n\n<p>L&rsquo;expert explique le premier point technique \u00ab\u00a0c&rsquo;est l&rsquo;\u00e9tude p\u00e9dologique du terrain qui va d\u00e9terminer le potentiel agricole de cette terre.\u00a0\u00bb. La r\u00e9glementation en vigueur permet \u00e0 l&rsquo;\u00e9tat de<b> transf\u00e9rer une terre agricole <\/b>si son potentiel est faible selon une proc\u00e9dure bien d\u00e9finie.<\/p>\n\n\n\n<p>Monsieur Benyamina poursuit \u00ab\u00a0Le minist\u00e8re de l&rsquo;urbanisme et celui de <b>l&rsquo;agriculture <\/b>doivent motiver se transfert terrains agricoles, si le potentiel de la terre est faible, au pr\u00e8s du premier ministre.\u00a0\u00bb. Si le premier minist\u00e8re donne son accord, le transfert se fait selon les lois de la r\u00e9publique.<\/p>\n\n\n\n<p>Suite \u00e0 la pol\u00e9mique soulev\u00e9e par l&rsquo;affaire d&rsquo;Oran, et l&rsquo;annulation de la distraction par le Pr\u00e9sident de la R\u00e9publique,\u00a0le premier ministre a d\u00e9cr\u00e9t\u00e9 dans le dernier journal officiel, que la d\u00e9claration d&rsquo;utilit\u00e9 publique de la zone industrielle de Boukadir dans la wilaya de Chlef et des zones industrielles de Dra\u00e2 el Mizan et Tizi Ghenif dans la wilaya de Tizi Ouzou, est annul\u00e9e et devient sans effet.\u00a0<\/p>\n\n\n\n<p>Cette annulation de l&rsquo;utilit\u00e9 publique rend l\u2019expropriation impossible et le transfert terrains agricoles caduc. Ce qui le confirme l&rsquo;article 3 du d\u00e9cret 18-169 du m\u00eame num\u00e9ro du Journal Officiel.<\/p>\n","protected":false},"excerpt":{"rendered":"<p>La publication du\u00a0d\u00e9cret ex\u00e9cutif n\u00b0 18-168 du 12 Chaoual 1439 correspondant au 26 juin 2018 portant d\u00e9classement de parcelles de terres agricoles (transfert terrains agricoles) affect\u00e9es pour la r\u00e9alisation de zones industrielles dans certaines wilayas, a fait r\u00e9agir les experts sur le d\u00e9classement des terres agricoles et sur l&rsquo;annulation de trois projets par le d\u00e9cret\u00a018-168. [&hellip;]<\/p>\n","protected":false},"author":1,"featured_media":6913,"comment_status":"closed","ping_status":"closed","sticky":false,"template":"","format":"standard","meta":{"footnotes":""},"categories":[233],"tags":[98,99],"class_list":["post-4038","post","type-post","status-publish","format-standard","has-post-thumbnail","hentry","category-urbanisme","tag-agricole","tag-transfert"],"yoast_head":"<!-- This site is optimized with the Yoast SEO plugin v27.5 - https:\/\/yoast.com\/product\/yoast-seo-wordpress\/ -->\n<title>Transfert terrains agricoles vers l&#039;industriel qu&#039;en pensent les experts ?<\/title>\n<meta name=\"description\" content=\"La publication du\u00a0d\u00e9cret ex\u00e9cutif n\u00b0 18-168 portant d\u00e9classement et transfert terrains agricoles pour la r\u00e9alisation de zones industrielles\" \/>\n<meta name=\"robots\" content=\"index, follow, max-snippet:-1, max-image-preview:large, max-video-preview:-1\" \/>\n<link rel=\"canonical\" href=\"https:\/\/www.lkeria.com\/actualites\/urbanisme\/annulation-transfert-terrain-agricole-vers-l-industriel-qu-en-pensent-les-experts\/\" \/>\n<meta property=\"og:locale\" content=\"fr_FR\" \/>\n<meta property=\"og:type\" content=\"article\" \/>\n<meta property=\"og:title\" content=\"Transfert terrains agricoles vers l&#039;industriel qu&#039;en pensent les experts ?\" \/>\n<meta property=\"og:description\" content=\"La publication du\u00a0d\u00e9cret ex\u00e9cutif n\u00b0 18-168 portant d\u00e9classement et transfert terrains agricoles pour la r\u00e9alisation de zones industrielles\" \/>\n<meta property=\"og:url\" content=\"https:\/\/www.lkeria.com\/actualites\/urbanisme\/annulation-transfert-terrain-agricole-vers-l-industriel-qu-en-pensent-les-experts\/\" \/>\n<meta property=\"og:site_name\" content=\"Actualit\u00e9 de l&#039;immobilier et le logement en Alg\u00e9rie\" \/>\n<meta property=\"article:publisher\" content=\"https:\/\/www.facebook.com\/lkeriacom\" \/>\n<meta property=\"article:published_time\" content=\"2018-07-16T22:00:00+00:00\" \/>\n<meta property=\"article:modified_time\" content=\"2023-07-26T07:51:57+00:00\" \/>\n<meta property=\"og:image\" content=\"https:\/\/www.lkeria.com\/actualites\/wp-content\/uploads\/2018\/07\/transfert-terrains-agricoles.jpg\" \/>\n\t<meta property=\"og:image:width\" content=\"1200\" \/>\n\t<meta property=\"og:image:height\" content=\"675\" \/>\n\t<meta property=\"og:image:type\" content=\"image\/jpeg\" \/>\n<meta name=\"author\" content=\"Lotfi Ramdani\" \/>\n<meta name=\"twitter:card\" content=\"summary_large_image\" \/>\n<meta name=\"twitter:creator\" content=\"@lkeriacom\" \/>\n<meta name=\"twitter:site\" content=\"@lkeriacom\" \/>\n<meta name=\"twitter:label1\" content=\"\u00c9crit par\" \/>\n\t<meta name=\"twitter:data1\" content=\"Lotfi Ramdani\" \/>\n\t<meta name=\"twitter:label2\" content=\"Dur\u00e9e de lecture estim\u00e9e\" \/>\n\t<meta name=\"twitter:data2\" content=\"2 minutes\" \/>\n<!-- \/ Yoast SEO plugin. -->","yoast_head_json":{"title":"Transfert terrains agricoles vers l'industriel qu'en pensent les experts ?","description":"La publication du\u00a0d\u00e9cret ex\u00e9cutif n\u00b0 18-168 portant d\u00e9classement et transfert terrains agricoles pour la r\u00e9alisation de zones industrielles","robots":{"index":"index","follow":"follow","max-snippet":"max-snippet:-1","max-image-preview":"max-image-preview:large","max-video-preview":"max-video-preview:-1"},"canonical":"https:\/\/www.lkeria.com\/actualites\/urbanisme\/annulation-transfert-terrain-agricole-vers-l-industriel-qu-en-pensent-les-experts\/","og_locale":"fr_FR","og_type":"article","og_title":"Transfert terrains agricoles vers l'industriel qu'en pensent les experts ?","og_description":"La publication du\u00a0d\u00e9cret ex\u00e9cutif n\u00b0 18-168 portant d\u00e9classement et transfert terrains agricoles pour la r\u00e9alisation de zones industrielles","og_url":"https:\/\/www.lkeria.com\/actualites\/urbanisme\/annulation-transfert-terrain-agricole-vers-l-industriel-qu-en-pensent-les-experts\/","og_site_name":"Actualit\u00e9 de l&#039;immobilier et le logement en Alg\u00e9rie","article_publisher":"https:\/\/www.facebook.com\/lkeriacom","article_published_time":"2018-07-16T22:00:00+00:00","article_modified_time":"2023-07-26T07:51:57+00:00","og_image":[{"width":1200,"height":675,"url":"https:\/\/www.lkeria.com\/actualites\/wp-content\/uploads\/2018\/07\/transfert-terrains-agricoles.jpg","type":"image\/jpeg"}],"author":"Lotfi Ramdani","twitter_card":"summary_large_image","twitter_creator":"@lkeriacom","twitter_site":"@lkeriacom","twitter_misc":{"\u00c9crit par":"Lotfi Ramdani","Dur\u00e9e de lecture estim\u00e9e":"2 minutes"},"schema":{"@context":"https:\/\/schema.org","@graph":[{"@type":"Article","@id":"https:\/\/www.lkeria.com\/actualites\/urbanisme\/annulation-transfert-terrain-agricole-vers-l-industriel-qu-en-pensent-les-experts\/#article","isPartOf":{"@id":"https:\/\/www.lkeria.com\/actualites\/urbanisme\/annulation-transfert-terrain-agricole-vers-l-industriel-qu-en-pensent-les-experts\/"},"author":{"name":"Lotfi Ramdani","@id":"https:\/\/www.lkeria.com\/actualites\/#\/schema\/person\/3a4da2e91b49098351a6c1a04c231e06"},"headline":"Transfert terrains agricoles vers l&rsquo;industriel qu&rsquo;en pensent les experts ?","datePublished":"2018-07-16T22:00:00+00:00","dateModified":"2023-07-26T07:51:57+00:00","mainEntityOfPage":{"@id":"https:\/\/www.lkeria.com\/actualites\/urbanisme\/annulation-transfert-terrain-agricole-vers-l-industriel-qu-en-pensent-les-experts\/"},"wordCount":327,"publisher":{"@id":"https:\/\/www.lkeria.com\/actualites\/#organization"},"image":{"@id":"https:\/\/www.lkeria.com\/actualites\/urbanisme\/annulation-transfert-terrain-agricole-vers-l-industriel-qu-en-pensent-les-experts\/#primaryimage"},"thumbnailUrl":"https:\/\/www.lkeria.com\/actualites\/wp-content\/uploads\/2018\/07\/transfert-terrains-agricoles.jpg","keywords":["agricole","transfert"],"articleSection":["Urbanisme"],"inLanguage":"fr-FR"},{"@type":"WebPage","@id":"https:\/\/www.lkeria.com\/actualites\/urbanisme\/annulation-transfert-terrain-agricole-vers-l-industriel-qu-en-pensent-les-experts\/","url":"https:\/\/www.lkeria.com\/actualites\/urbanisme\/annulation-transfert-terrain-agricole-vers-l-industriel-qu-en-pensent-les-experts\/","name":"Transfert terrains agricoles vers l'industriel qu'en pensent les experts ?","isPartOf":{"@id":"https:\/\/www.lkeria.com\/actualites\/#website"},"primaryImageOfPage":{"@id":"https:\/\/www.lkeria.com\/actualites\/urbanisme\/annulation-transfert-terrain-agricole-vers-l-industriel-qu-en-pensent-les-experts\/#primaryimage"},"image":{"@id":"https:\/\/www.lkeria.com\/actualites\/urbanisme\/annulation-transfert-terrain-agricole-vers-l-industriel-qu-en-pensent-les-experts\/#primaryimage"},"thumbnailUrl":"https:\/\/www.lkeria.com\/actualites\/wp-content\/uploads\/2018\/07\/transfert-terrains-agricoles.jpg","datePublished":"2018-07-16T22:00:00+00:00","dateModified":"2023-07-26T07:51:57+00:00","description":"La publication du\u00a0d\u00e9cret ex\u00e9cutif n\u00b0 18-168 portant d\u00e9classement et transfert terrains agricoles pour la r\u00e9alisation de zones industrielles","breadcrumb":{"@id":"https:\/\/www.lkeria.com\/actualites\/urbanisme\/annulation-transfert-terrain-agricole-vers-l-industriel-qu-en-pensent-les-experts\/#breadcrumb"},"inLanguage":"fr-FR","potentialAction":[{"@type":"ReadAction","target":["https:\/\/www.lkeria.com\/actualites\/urbanisme\/annulation-transfert-terrain-agricole-vers-l-industriel-qu-en-pensent-les-experts\/"]}]},{"@type":"ImageObject","inLanguage":"fr-FR","@id":"https:\/\/www.lkeria.com\/actualites\/urbanisme\/annulation-transfert-terrain-agricole-vers-l-industriel-qu-en-pensent-les-experts\/#primaryimage","url":"https:\/\/www.lkeria.com\/actualites\/wp-content\/uploads\/2018\/07\/transfert-terrains-agricoles.jpg","contentUrl":"https:\/\/www.lkeria.com\/actualites\/wp-content\/uploads\/2018\/07\/transfert-terrains-agricoles.jpg","width":1200,"height":675,"caption":"transfert terrains agricoles"},{"@type":"BreadcrumbList","@id":"https:\/\/www.lkeria.com\/actualites\/urbanisme\/annulation-transfert-terrain-agricole-vers-l-industriel-qu-en-pensent-les-experts\/#breadcrumb","itemListElement":[{"@type":"ListItem","position":1,"name":"Accueil","item":"https:\/\/www.lkeria.com\/actualites\/"},{"@type":"ListItem","position":2,"name":"Transfert terrains agricoles vers l&rsquo;industriel qu&rsquo;en pensent les experts ?"}]},{"@type":"WebSite","@id":"https:\/\/www.lkeria.com\/actualites\/#website","url":"https:\/\/www.lkeria.com\/actualites\/","name":"Actualit\u00e9 de l&#039;immobilier et le logement en Alg\u00e9rie","description":"logement et annonces immobili\u00e8res","publisher":{"@id":"https:\/\/www.lkeria.com\/actualites\/#organization"},"potentialAction":[{"@type":"SearchAction","target":{"@type":"EntryPoint","urlTemplate":"https:\/\/www.lkeria.com\/actualites\/?s={search_term_string}"},"query-input":{"@type":"PropertyValueSpecification","valueRequired":true,"valueName":"search_term_string"}}],"inLanguage":"fr-FR"},{"@type":"Organization","@id":"https:\/\/www.lkeria.com\/actualites\/#organization","name":"Lkeria","url":"https:\/\/www.lkeria.com\/actualites\/","logo":{"@type":"ImageObject","inLanguage":"fr-FR","@id":"https:\/\/www.lkeria.com\/actualites\/#\/schema\/logo\/image\/","url":"https:\/\/www.lkeria.com\/actualites\/wp-content\/uploads\/2020\/07\/logo-lkeria.png","contentUrl":"https:\/\/www.lkeria.com\/actualites\/wp-content\/uploads\/2020\/07\/logo-lkeria.png","width":200,"height":72,"caption":"Lkeria"},"image":{"@id":"https:\/\/www.lkeria.com\/actualites\/#\/schema\/logo\/image\/"},"sameAs":["https:\/\/www.facebook.com\/lkeriacom","https:\/\/x.com\/lkeriacom"]},{"@type":"Person","@id":"https:\/\/www.lkeria.com\/actualites\/#\/schema\/person\/3a4da2e91b49098351a6c1a04c231e06","name":"Lotfi Ramdani","image":{"@type":"ImageObject","inLanguage":"fr-FR","@id":"https:\/\/secure.gravatar.com\/avatar\/769db425c6f465158149f1ffd6cf61ce7a8a879d11dfbef8288af36dfddd418c?s=96&d=mm&r=g","url":"https:\/\/secure.gravatar.com\/avatar\/769db425c6f465158149f1ffd6cf61ce7a8a879d11dfbef8288af36dfddd418c?s=96&d=mm&r=g","contentUrl":"https:\/\/secure.gravatar.com\/avatar\/769db425c6f465158149f1ffd6cf61ce7a8a879d11dfbef8288af36dfddd418c?s=96&d=mm&r=g","caption":"Lotfi Ramdani"},"url":"https:\/\/www.lkeria.com\/actualites\/author\/chakib32gmail-com\/"}]}},"amp_enabled":true,"_links":{"self":[{"href":"https:\/\/www.lkeria.com\/actualites\/wp-json\/wp\/v2\/posts\/4038","targetHints":{"allow":["GET"]}}],"collection":[{"href":"https:\/\/www.lkeria.com\/actualites\/wp-json\/wp\/v2\/posts"}],"about":[{"href":"https:\/\/www.lkeria.com\/actualites\/wp-json\/wp\/v2\/types\/post"}],"author":[{"embeddable":true,"href":"https:\/\/www.lkeria.com\/actualites\/wp-json\/wp\/v2\/users\/1"}],"replies":[{"embeddable":true,"href":"https:\/\/www.lkeria.com\/actualites\/wp-json\/wp\/v2\/comments?post=4038"}],"version-history":[{"count":1,"href":"https:\/\/www.lkeria.com\/actualites\/wp-json\/wp\/v2\/posts\/4038\/revisions"}],"predecessor-version":[{"id":6914,"href":"https:\/\/www.lkeria.com\/actualites\/wp-json\/wp\/v2\/posts\/4038\/revisions\/6914"}],"wp:featuredmedia":[{"embeddable":true,"href":"https:\/\/www.lkeria.com\/actualites\/wp-json\/wp\/v2\/media\/6913"}],"wp:attachment":[{"href":"https:\/\/www.lkeria.com\/actualites\/wp-json\/wp\/v2\/media?parent=4038"}],"wp:term":[{"taxonomy":"category","embeddable":true,"href":"https:\/\/www.lkeria.com\/actualites\/wp-json\/wp\/v2\/categories?post=4038"},{"taxonomy":"post_tag","embeddable":true,"href":"https:\/\/www.lkeria.com\/actualites\/wp-json\/wp\/v2\/tags?post=4038"}],"curies":[{"name":"wp","href":"https:\/\/api.w.org\/{rel}","templated":true}]}}