{"id":4028,"date":"2018-09-12T00:00:00","date_gmt":"2018-09-11T22:00:00","guid":{"rendered":"https:\/\/www.lkeria.com\/actualites\/non-classe\/oran-le-wali-demande-un-nouveau-quota-lpa\/"},"modified":"2021-10-08T15:15:28","modified_gmt":"2021-10-08T13:15:28","slug":"oran-le-wali-demande-un-nouveau-quota-lpa","status":"publish","type":"post","link":"https:\/\/www.lkeria.com\/actualites\/lpa\/oran-le-wali-demande-un-nouveau-quota-lpa\/","title":{"rendered":"Oran : le wali demande un quota LPA"},"content":{"rendered":"\n<p>Le Wali d&rsquo;Oran, Mouloud Ch\u00e9rifi, a envoy\u00e9 une demande au minist\u00e8re de l&rsquo;habitat de l&rsquo;urbanisme et de la ville, demandant un nouveau quota ; pour le programme de <strong>logement public <\/strong>LPA 2018.<\/p>\n\n\n\n<p>Un grand soulagement pour les habitants d&rsquo;Oran, le Wali de passage sur les ondes de la radio r\u00e9gionale d&rsquo;Oran a annonc\u00e9 qu&rsquo;une rallonge aux 2000\u00a0<a title=\"Link: https:\/\/www.lkeria.com\/Logement-Promotionnel-Aide-LPA-LSP.php\" href=\"https:\/\/www.lkeria.com\/Logement-Promotionnel-Aide-LPA-LSP.php\" target=\"_blank\" rel=\"follow noopener noreferrer\">logements LPA<\/a>\u00a0d\u00e9j\u00e0 notifi\u00e9 \u00e0 la wilaya sera inscrit au profit d&rsquo;El Bahia.<\/p>\n\n\n\n<p>Le responsable de la wilaya pr\u00e9cis\u00e9 que les communes d&rsquo;Oran ont enregistr\u00e9\u00a033.000 demandes ; pour un programme\u00a0de 2000 logements LPA seulement. <\/p>\n\n\n\n<p>Vu l\u2019engouement\u00a0des oranais pour cette formule <a href=\"https:\/\/www.facebook.com\/lkeriacom\/\">publique <\/a>de logement, Monsieur Ch\u00e9rifi a pris l\u2019initiative\u00a0; de demander une rallonge\u00a0(quota) \u00e0 la tutelle afin de satisfaire le maximum de demandes ; sur ce nouveau segment de logement public tr\u00e8s pris\u00e9 chez les citoyen d&rsquo;El Bahia.<br>\u00a0<\/p>\n","protected":false},"excerpt":{"rendered":"<p>Le Wali d&rsquo;Oran, Mouloud Ch\u00e9rifi, a envoy\u00e9 une demande au minist\u00e8re de l&rsquo;habitat de l&rsquo;urbanisme et de la ville, demandant un nouveau quota ; pour le programme de logement public LPA 2018. Un grand soulagement pour les habitants d&rsquo;Oran, le Wali de passage sur les ondes de la radio r\u00e9gionale d&rsquo;Oran a annonc\u00e9 qu&rsquo;une rallonge [&hellip;]<\/p>\n","protected":false},"author":2,"featured_media":5883,"comment_status":"closed","ping_status":"closed","sticky":false,"template":"","format":"standard","meta":{"footnotes":""},"categories":[230],"tags":[106,6,25],"class_list":["post-4028","post","type-post","status-publish","format-standard","has-post-thumbnail","hentry","category-lpa","tag-logements","tag-lpa","tag-oran"],"yoast_head":"<!-- This site is optimized with the Yoast SEO plugin v27.5 - https:\/\/yoast.com\/product\/yoast-seo-wordpress\/ -->\n<title>Oran : le wali demande un quota LPA - Actualit\u00e9 de l&#039;immobilier et le logement en Alg\u00e9rie<\/title>\n<meta name=\"description\" content=\"e Wali d&#039;Oran a envoy\u00e9 une demande au minist\u00e8re de l&#039;habitat demandant un nouveau quota pour le programme de logement public LPA 2018\" \/>\n<meta name=\"robots\" content=\"index, follow, max-snippet:-1, max-image-preview:large, max-video-preview:-1\" \/>\n<link rel=\"canonical\" href=\"https:\/\/www.lkeria.com\/actualites\/lpa\/oran-le-wali-demande-un-nouveau-quota-lpa\/\" \/>\n<meta property=\"og:locale\" content=\"fr_FR\" \/>\n<meta property=\"og:type\" content=\"article\" \/>\n<meta property=\"og:title\" content=\"Oran : le wali demande un quota LPA - Actualit\u00e9 de l&#039;immobilier et le logement en Alg\u00e9rie\" \/>\n<meta property=\"og:description\" content=\"e Wali d&#039;Oran a envoy\u00e9 une demande au minist\u00e8re de l&#039;habitat demandant un nouveau quota pour le programme de logement public LPA 2018\" \/>\n<meta property=\"og:url\" content=\"https:\/\/www.lkeria.com\/actualites\/lpa\/oran-le-wali-demande-un-nouveau-quota-lpa\/\" \/>\n<meta property=\"og:site_name\" content=\"Actualit\u00e9 de l&#039;immobilier et le logement en Alg\u00e9rie\" \/>\n<meta property=\"article:publisher\" content=\"https:\/\/www.facebook.com\/lkeriacom\" \/>\n<meta property=\"article:published_time\" content=\"2018-09-11T22:00:00+00:00\" \/>\n<meta property=\"article:modified_time\" content=\"2021-10-08T13:15:28+00:00\" \/>\n<meta property=\"og:image\" content=\"https:\/\/www.lkeria.com\/actualites\/wp-content\/uploads\/2018\/09\/mouloud-cherifi-wali-oran-quota-lpa.jpg\" \/>\n\t<meta property=\"og:image:width\" content=\"1000\" \/>\n\t<meta property=\"og:image:height\" content=\"618\" \/>\n\t<meta property=\"og:image:type\" content=\"image\/jpeg\" \/>\n<meta name=\"author\" content=\"Redaction Lkeria\" \/>\n<meta name=\"twitter:card\" content=\"summary_large_image\" \/>\n<meta name=\"twitter:creator\" content=\"@lkeriacom\" \/>\n<meta name=\"twitter:site\" content=\"@lkeriacom\" \/>\n<meta name=\"twitter:label1\" content=\"\u00c9crit par\" \/>\n\t<meta name=\"twitter:data1\" content=\"Redaction Lkeria\" \/>\n\t<meta name=\"twitter:label2\" content=\"Dur\u00e9e de lecture estim\u00e9e\" \/>\n\t<meta name=\"twitter:data2\" content=\"1 minute\" \/>\n<!-- \/ Yoast SEO plugin. -->","yoast_head_json":{"title":"Oran : le wali demande un quota LPA - Actualit\u00e9 de l&#039;immobilier et le logement en Alg\u00e9rie","description":"e Wali d'Oran a envoy\u00e9 une demande au minist\u00e8re de l'habitat demandant un nouveau quota pour le programme de logement public LPA 2018","robots":{"index":"index","follow":"follow","max-snippet":"max-snippet:-1","max-image-preview":"max-image-preview:large","max-video-preview":"max-video-preview:-1"},"canonical":"https:\/\/www.lkeria.com\/actualites\/lpa\/oran-le-wali-demande-un-nouveau-quota-lpa\/","og_locale":"fr_FR","og_type":"article","og_title":"Oran : le wali demande un quota LPA - Actualit\u00e9 de l&#039;immobilier et le logement en Alg\u00e9rie","og_description":"e Wali d'Oran a envoy\u00e9 une demande au minist\u00e8re de l'habitat demandant un nouveau quota pour le programme de logement public LPA 2018","og_url":"https:\/\/www.lkeria.com\/actualites\/lpa\/oran-le-wali-demande-un-nouveau-quota-lpa\/","og_site_name":"Actualit\u00e9 de l&#039;immobilier et le logement en Alg\u00e9rie","article_publisher":"https:\/\/www.facebook.com\/lkeriacom","article_published_time":"2018-09-11T22:00:00+00:00","article_modified_time":"2021-10-08T13:15:28+00:00","og_image":[{"width":1000,"height":618,"url":"https:\/\/www.lkeria.com\/actualites\/wp-content\/uploads\/2018\/09\/mouloud-cherifi-wali-oran-quota-lpa.jpg","type":"image\/jpeg"}],"author":"Redaction Lkeria","twitter_card":"summary_large_image","twitter_creator":"@lkeriacom","twitter_site":"@lkeriacom","twitter_misc":{"\u00c9crit par":"Redaction Lkeria","Dur\u00e9e de lecture estim\u00e9e":"1 minute"},"schema":{"@context":"https:\/\/schema.org","@graph":[{"@type":"Article","@id":"https:\/\/www.lkeria.com\/actualites\/lpa\/oran-le-wali-demande-un-nouveau-quota-lpa\/#article","isPartOf":{"@id":"https:\/\/www.lkeria.com\/actualites\/lpa\/oran-le-wali-demande-un-nouveau-quota-lpa\/"},"author":{"name":"Redaction Lkeria","@id":"https:\/\/www.lkeria.com\/actualites\/#\/schema\/person\/84f2fb96cc90196c394f815cbfa77c52"},"headline":"Oran : le wali demande un quota LPA","datePublished":"2018-09-11T22:00:00+00:00","dateModified":"2021-10-08T13:15:28+00:00","mainEntityOfPage":{"@id":"https:\/\/www.lkeria.com\/actualites\/lpa\/oran-le-wali-demande-un-nouveau-quota-lpa\/"},"wordCount":154,"publisher":{"@id":"https:\/\/www.lkeria.com\/actualites\/#organization"},"image":{"@id":"https:\/\/www.lkeria.com\/actualites\/lpa\/oran-le-wali-demande-un-nouveau-quota-lpa\/#primaryimage"},"thumbnailUrl":"https:\/\/www.lkeria.com\/actualites\/wp-content\/uploads\/2018\/09\/mouloud-cherifi-wali-oran-quota-lpa.jpg","keywords":["logements","lpa","oran"],"articleSection":["Lpa"],"inLanguage":"fr-FR"},{"@type":"WebPage","@id":"https:\/\/www.lkeria.com\/actualites\/lpa\/oran-le-wali-demande-un-nouveau-quota-lpa\/","url":"https:\/\/www.lkeria.com\/actualites\/lpa\/oran-le-wali-demande-un-nouveau-quota-lpa\/","name":"Oran : le wali demande un quota LPA - Actualit\u00e9 de l&#039;immobilier et le logement en Alg\u00e9rie","isPartOf":{"@id":"https:\/\/www.lkeria.com\/actualites\/#website"},"primaryImageOfPage":{"@id":"https:\/\/www.lkeria.com\/actualites\/lpa\/oran-le-wali-demande-un-nouveau-quota-lpa\/#primaryimage"},"image":{"@id":"https:\/\/www.lkeria.com\/actualites\/lpa\/oran-le-wali-demande-un-nouveau-quota-lpa\/#primaryimage"},"thumbnailUrl":"https:\/\/www.lkeria.com\/actualites\/wp-content\/uploads\/2018\/09\/mouloud-cherifi-wali-oran-quota-lpa.jpg","datePublished":"2018-09-11T22:00:00+00:00","dateModified":"2021-10-08T13:15:28+00:00","description":"e Wali d'Oran a envoy\u00e9 une demande au minist\u00e8re de l'habitat demandant un nouveau quota pour le programme de logement public LPA 2018","breadcrumb":{"@id":"https:\/\/www.lkeria.com\/actualites\/lpa\/oran-le-wali-demande-un-nouveau-quota-lpa\/#breadcrumb"},"inLanguage":"fr-FR","potentialAction":[{"@type":"ReadAction","target":["https:\/\/www.lkeria.com\/actualites\/lpa\/oran-le-wali-demande-un-nouveau-quota-lpa\/"]}]},{"@type":"ImageObject","inLanguage":"fr-FR","@id":"https:\/\/www.lkeria.com\/actualites\/lpa\/oran-le-wali-demande-un-nouveau-quota-lpa\/#primaryimage","url":"https:\/\/www.lkeria.com\/actualites\/wp-content\/uploads\/2018\/09\/mouloud-cherifi-wali-oran-quota-lpa.jpg","contentUrl":"https:\/\/www.lkeria.com\/actualites\/wp-content\/uploads\/2018\/09\/mouloud-cherifi-wali-oran-quota-lpa.jpg","width":1000,"height":618,"caption":"le wali demande un quota LPA"},{"@type":"BreadcrumbList","@id":"https:\/\/www.lkeria.com\/actualites\/lpa\/oran-le-wali-demande-un-nouveau-quota-lpa\/#breadcrumb","itemListElement":[{"@type":"ListItem","position":1,"name":"Accueil","item":"https:\/\/www.lkeria.com\/actualites\/"},{"@type":"ListItem","position":2,"name":"Oran : le wali demande un quota LPA"}]},{"@type":"WebSite","@id":"https:\/\/www.lkeria.com\/actualites\/#website","url":"https:\/\/www.lkeria.com\/actualites\/","name":"Actualit\u00e9 de l&#039;immobilier et le logement en Alg\u00e9rie","description":"logement et annonces immobili\u00e8res","publisher":{"@id":"https:\/\/www.lkeria.com\/actualites\/#organization"},"potentialAction":[{"@type":"SearchAction","target":{"@type":"EntryPoint","urlTemplate":"https:\/\/www.lkeria.com\/actualites\/?s={search_term_string}"},"query-input":{"@type":"PropertyValueSpecification","valueRequired":true,"valueName":"search_term_string"}}],"inLanguage":"fr-FR"},{"@type":"Organization","@id":"https:\/\/www.lkeria.com\/actualites\/#organization","name":"Lkeria","url":"https:\/\/www.lkeria.com\/actualites\/","logo":{"@type":"ImageObject","inLanguage":"fr-FR","@id":"https:\/\/www.lkeria.com\/actualites\/#\/schema\/logo\/image\/","url":"https:\/\/www.lkeria.com\/actualites\/wp-content\/uploads\/2020\/07\/logo-lkeria.png","contentUrl":"https:\/\/www.lkeria.com\/actualites\/wp-content\/uploads\/2020\/07\/logo-lkeria.png","width":200,"height":72,"caption":"Lkeria"},"image":{"@id":"https:\/\/www.lkeria.com\/actualites\/#\/schema\/logo\/image\/"},"sameAs":["https:\/\/www.facebook.com\/lkeriacom","https:\/\/x.com\/lkeriacom"]},{"@type":"Person","@id":"https:\/\/www.lkeria.com\/actualites\/#\/schema\/person\/84f2fb96cc90196c394f815cbfa77c52","name":"Redaction Lkeria","image":{"@type":"ImageObject","inLanguage":"fr-FR","@id":"https:\/\/secure.gravatar.com\/avatar\/48e200b39e208acb6332380c0488f95d484cd35b18368b825b10ba19931944ff?s=96&d=mm&r=g","url":"https:\/\/secure.gravatar.com\/avatar\/48e200b39e208acb6332380c0488f95d484cd35b18368b825b10ba19931944ff?s=96&d=mm&r=g","contentUrl":"https:\/\/secure.gravatar.com\/avatar\/48e200b39e208acb6332380c0488f95d484cd35b18368b825b10ba19931944ff?s=96&d=mm&r=g","caption":"Redaction Lkeria"},"url":"https:\/\/www.lkeria.com\/actualites\/author\/redaction-lkeria\/"}]}},"amp_enabled":true,"_links":{"self":[{"href":"https:\/\/www.lkeria.com\/actualites\/wp-json\/wp\/v2\/posts\/4028","targetHints":{"allow":["GET"]}}],"collection":[{"href":"https:\/\/www.lkeria.com\/actualites\/wp-json\/wp\/v2\/posts"}],"about":[{"href":"https:\/\/www.lkeria.com\/actualites\/wp-json\/wp\/v2\/types\/post"}],"author":[{"embeddable":true,"href":"https:\/\/www.lkeria.com\/actualites\/wp-json\/wp\/v2\/users\/2"}],"replies":[{"embeddable":true,"href":"https:\/\/www.lkeria.com\/actualites\/wp-json\/wp\/v2\/comments?post=4028"}],"version-history":[{"count":1,"href":"https:\/\/www.lkeria.com\/actualites\/wp-json\/wp\/v2\/posts\/4028\/revisions"}],"predecessor-version":[{"id":5884,"href":"https:\/\/www.lkeria.com\/actualites\/wp-json\/wp\/v2\/posts\/4028\/revisions\/5884"}],"wp:featuredmedia":[{"embeddable":true,"href":"https:\/\/www.lkeria.com\/actualites\/wp-json\/wp\/v2\/media\/5883"}],"wp:attachment":[{"href":"https:\/\/www.lkeria.com\/actualites\/wp-json\/wp\/v2\/media?parent=4028"}],"wp:term":[{"taxonomy":"category","embeddable":true,"href":"https:\/\/www.lkeria.com\/actualites\/wp-json\/wp\/v2\/categories?post=4028"},{"taxonomy":"post_tag","embeddable":true,"href":"https:\/\/www.lkeria.com\/actualites\/wp-json\/wp\/v2\/tags?post=4028"}],"curies":[{"name":"wp","href":"https:\/\/api.w.org\/{rel}","templated":true}]}}