{"id":3977,"date":"2018-12-24T00:00:00","date_gmt":"2018-12-23T23:00:00","guid":{"rendered":"https:\/\/www.lkeria.com\/actualites\/non-classe\/111-073-logements-aadl-acheves\/"},"modified":"2023-09-26T11:03:59","modified_gmt":"2023-09-26T09:03:59","slug":"111-073-logements-aadl-acheves","status":"publish","type":"post","link":"https:\/\/www.lkeria.com\/actualites\/aadl\/111-073-logements-aadl-acheves\/","title":{"rendered":"111.073 logements AADL achev\u00e9s"},"content":{"rendered":"\n<p><b>Lors de son allocution \u00e0 l&rsquo;occasion de la rencontre ayant r\u00e9uni le&nbsp;Ministre de l&rsquo;habitat de l&rsquo;urbanisme et de la ville avec les associations AADL, le Directeur G\u00e9n\u00e9ral de l&rsquo;AADL a fait&nbsp;<a href=\"https:\/\/www.lkeria.com\/infografics\/bilan-programme-logement-location-vente-aadl-decembre-2018\" target=\"_blank\" rel=\"follow noopener noreferrer\">un \u00e9tat des lieux du programme location-vente<\/a>.<\/b><\/p>\n\n\n\n<p>Pour un programme qui compte plus de 560.000 unit\u00e9s, ce sont 396.799 logements AADL lanc\u00e9s. Les appartements AADL achev\u00e9s sont au nombre de 111.073 selon le premier responsable de ce programme public de logement.&nbsp;<\/p>\n\n\n\n<p>Le nombre d&rsquo;unit\u00e9s en cours de travaux est estim\u00e9 par l&rsquo;agence \u00e0 285.726 logements et ceux en cours de lancement \u00e0 73.201 logements location-vente.<\/p>\n\n\n\n<p>Le ministre de l&rsquo;habitat avait annonc\u00e9 que pour les wilayas de Chlef et Ain Defla ; deux <a href=\"https:\/\/www.facebook.com\/lkeriacom\">contrats <\/a>de r\u00e9alisations ont \u00e9t\u00e9 r\u00e9sili\u00e9s par l&rsquo;AADL.<\/p>\n\n\n\n<p>Abdelwahid Temmar, a pr\u00e9cis\u00e9 devant les pr\u00e9sidents de pr\u00e8s de 40 associations AADL et les d\u00e9put\u00e9s ; des deux chambres du parlement, que le programme de 90.000 logements autoris\u00e9 par la loi de finances 2019 (qui sera sign\u00e9e par le Pr\u00e9sident avant la fin de l&rsquo;ann\u00e9e 2018) seront lanc\u00e9s d\u00e8s le d\u00e9but de l&rsquo;ann\u00e9e prochaine.<\/p>\n","protected":false},"excerpt":{"rendered":"<p>Lors de son allocution \u00e0 l&rsquo;occasion de la rencontre ayant r\u00e9uni le&nbsp;Ministre de l&rsquo;habitat de l&rsquo;urbanisme et de la ville avec les associations AADL, le Directeur G\u00e9n\u00e9ral de l&rsquo;AADL a fait&nbsp;un \u00e9tat des lieux du programme location-vente. Pour un programme qui compte plus de 560.000 unit\u00e9s, ce sont 396.799 logements AADL lanc\u00e9s. Les appartements AADL [&hellip;]<\/p>\n","protected":false},"author":1,"featured_media":5688,"comment_status":"closed","ping_status":"closed","sticky":false,"template":"","format":"standard","meta":{"footnotes":""},"categories":[219],"tags":[10,63,62],"class_list":["post-3977","post","type-post","status-publish","format-standard","has-post-thumbnail","hentry","category-aadl","tag-aadl","tag-bilan-aadl-2018","tag-bilan-location-vente"],"yoast_head":"<!-- This site is optimized with the Yoast SEO plugin v27.5 - https:\/\/yoast.com\/product\/yoast-seo-wordpress\/ -->\n<title>111.073 logements AADL achev\u00e9s<\/title>\n<meta name=\"description\" content=\"\u00e0 l&#039;occasion de la rencontre avec les associations AADL, le Directeur G\u00e9n\u00e9ral de l&#039;AADL a fait\u00a0un \u00e9tat des lieux du programme aadl achev\u00e9s.\" \/>\n<meta name=\"robots\" content=\"index, follow, max-snippet:-1, max-image-preview:large, max-video-preview:-1\" \/>\n<link rel=\"canonical\" href=\"https:\/\/www.lkeria.com\/actualites\/aadl\/111-073-logements-aadl-acheves\/\" \/>\n<meta property=\"og:locale\" content=\"fr_FR\" \/>\n<meta property=\"og:type\" content=\"article\" \/>\n<meta property=\"og:title\" content=\"111.073 logements AADL achev\u00e9s\" \/>\n<meta property=\"og:description\" content=\"\u00e0 l&#039;occasion de la rencontre avec les associations AADL, le Directeur G\u00e9n\u00e9ral de l&#039;AADL a fait\u00a0un \u00e9tat des lieux du programme aadl achev\u00e9s.\" \/>\n<meta property=\"og:url\" content=\"https:\/\/www.lkeria.com\/actualites\/aadl\/111-073-logements-aadl-acheves\/\" \/>\n<meta property=\"og:site_name\" content=\"Actualit\u00e9 de l&#039;immobilier et le logement en Alg\u00e9rie\" \/>\n<meta property=\"article:publisher\" content=\"https:\/\/www.facebook.com\/lkeriacom\" \/>\n<meta property=\"article:published_time\" content=\"2018-12-23T23:00:00+00:00\" \/>\n<meta property=\"article:modified_time\" content=\"2023-09-26T09:03:59+00:00\" \/>\n<meta property=\"og:image\" content=\"https:\/\/www.lkeria.com\/actualites\/wp-content\/uploads\/2018\/12\/logements-AADL-acheves.jpg\" \/>\n\t<meta property=\"og:image:width\" content=\"1000\" \/>\n\t<meta property=\"og:image:height\" content=\"563\" \/>\n\t<meta property=\"og:image:type\" content=\"image\/jpeg\" \/>\n<meta name=\"author\" content=\"Lotfi Ramdani\" \/>\n<meta name=\"twitter:card\" content=\"summary_large_image\" \/>\n<meta name=\"twitter:creator\" content=\"@lkeriacom\" \/>\n<meta name=\"twitter:site\" content=\"@lkeriacom\" \/>\n<meta name=\"twitter:label1\" content=\"\u00c9crit par\" \/>\n\t<meta name=\"twitter:data1\" content=\"Lotfi Ramdani\" \/>\n\t<meta name=\"twitter:label2\" content=\"Dur\u00e9e de lecture estim\u00e9e\" \/>\n\t<meta name=\"twitter:data2\" content=\"1 minute\" \/>\n<!-- \/ Yoast SEO plugin. -->","yoast_head_json":{"title":"111.073 logements AADL achev\u00e9s","description":"\u00e0 l'occasion de la rencontre avec les associations AADL, le Directeur G\u00e9n\u00e9ral de l'AADL a fait\u00a0un \u00e9tat des lieux du programme aadl achev\u00e9s.","robots":{"index":"index","follow":"follow","max-snippet":"max-snippet:-1","max-image-preview":"max-image-preview:large","max-video-preview":"max-video-preview:-1"},"canonical":"https:\/\/www.lkeria.com\/actualites\/aadl\/111-073-logements-aadl-acheves\/","og_locale":"fr_FR","og_type":"article","og_title":"111.073 logements AADL achev\u00e9s","og_description":"\u00e0 l'occasion de la rencontre avec les associations AADL, le Directeur G\u00e9n\u00e9ral de l'AADL a fait\u00a0un \u00e9tat des lieux du programme aadl achev\u00e9s.","og_url":"https:\/\/www.lkeria.com\/actualites\/aadl\/111-073-logements-aadl-acheves\/","og_site_name":"Actualit\u00e9 de l&#039;immobilier et le logement en Alg\u00e9rie","article_publisher":"https:\/\/www.facebook.com\/lkeriacom","article_published_time":"2018-12-23T23:00:00+00:00","article_modified_time":"2023-09-26T09:03:59+00:00","og_image":[{"width":1000,"height":563,"url":"https:\/\/www.lkeria.com\/actualites\/wp-content\/uploads\/2018\/12\/logements-AADL-acheves.jpg","type":"image\/jpeg"}],"author":"Lotfi Ramdani","twitter_card":"summary_large_image","twitter_creator":"@lkeriacom","twitter_site":"@lkeriacom","twitter_misc":{"\u00c9crit par":"Lotfi Ramdani","Dur\u00e9e de lecture estim\u00e9e":"1 minute"},"schema":{"@context":"https:\/\/schema.org","@graph":[{"@type":"Article","@id":"https:\/\/www.lkeria.com\/actualites\/aadl\/111-073-logements-aadl-acheves\/#article","isPartOf":{"@id":"https:\/\/www.lkeria.com\/actualites\/aadl\/111-073-logements-aadl-acheves\/"},"author":{"name":"Lotfi Ramdani","@id":"https:\/\/www.lkeria.com\/actualites\/#\/schema\/person\/3a4da2e91b49098351a6c1a04c231e06"},"headline":"111.073 logements AADL achev\u00e9s","datePublished":"2018-12-23T23:00:00+00:00","dateModified":"2023-09-26T09:03:59+00:00","mainEntityOfPage":{"@id":"https:\/\/www.lkeria.com\/actualites\/aadl\/111-073-logements-aadl-acheves\/"},"wordCount":202,"publisher":{"@id":"https:\/\/www.lkeria.com\/actualites\/#organization"},"image":{"@id":"https:\/\/www.lkeria.com\/actualites\/aadl\/111-073-logements-aadl-acheves\/#primaryimage"},"thumbnailUrl":"https:\/\/www.lkeria.com\/actualites\/wp-content\/uploads\/2018\/12\/logements-AADL-acheves.jpg","keywords":["aadl","bilan aadl 2018","bilan location vente"],"articleSection":["AADL"],"inLanguage":"fr-FR"},{"@type":"WebPage","@id":"https:\/\/www.lkeria.com\/actualites\/aadl\/111-073-logements-aadl-acheves\/","url":"https:\/\/www.lkeria.com\/actualites\/aadl\/111-073-logements-aadl-acheves\/","name":"111.073 logements AADL achev\u00e9s","isPartOf":{"@id":"https:\/\/www.lkeria.com\/actualites\/#website"},"primaryImageOfPage":{"@id":"https:\/\/www.lkeria.com\/actualites\/aadl\/111-073-logements-aadl-acheves\/#primaryimage"},"image":{"@id":"https:\/\/www.lkeria.com\/actualites\/aadl\/111-073-logements-aadl-acheves\/#primaryimage"},"thumbnailUrl":"https:\/\/www.lkeria.com\/actualites\/wp-content\/uploads\/2018\/12\/logements-AADL-acheves.jpg","datePublished":"2018-12-23T23:00:00+00:00","dateModified":"2023-09-26T09:03:59+00:00","description":"\u00e0 l'occasion de la rencontre avec les associations AADL, le Directeur G\u00e9n\u00e9ral de l'AADL a fait\u00a0un \u00e9tat des lieux du programme aadl achev\u00e9s.","breadcrumb":{"@id":"https:\/\/www.lkeria.com\/actualites\/aadl\/111-073-logements-aadl-acheves\/#breadcrumb"},"inLanguage":"fr-FR","potentialAction":[{"@type":"ReadAction","target":["https:\/\/www.lkeria.com\/actualites\/aadl\/111-073-logements-aadl-acheves\/"]}]},{"@type":"ImageObject","inLanguage":"fr-FR","@id":"https:\/\/www.lkeria.com\/actualites\/aadl\/111-073-logements-aadl-acheves\/#primaryimage","url":"https:\/\/www.lkeria.com\/actualites\/wp-content\/uploads\/2018\/12\/logements-AADL-acheves.jpg","contentUrl":"https:\/\/www.lkeria.com\/actualites\/wp-content\/uploads\/2018\/12\/logements-AADL-acheves.jpg","width":1000,"height":563,"caption":"111.073 logements-aadl-achev\u00e9s"},{"@type":"BreadcrumbList","@id":"https:\/\/www.lkeria.com\/actualites\/aadl\/111-073-logements-aadl-acheves\/#breadcrumb","itemListElement":[{"@type":"ListItem","position":1,"name":"Accueil","item":"https:\/\/www.lkeria.com\/actualites\/"},{"@type":"ListItem","position":2,"name":"111.073 logements AADL achev\u00e9s"}]},{"@type":"WebSite","@id":"https:\/\/www.lkeria.com\/actualites\/#website","url":"https:\/\/www.lkeria.com\/actualites\/","name":"Actualit\u00e9 de l&#039;immobilier et le logement en Alg\u00e9rie","description":"logement et annonces immobili\u00e8res","publisher":{"@id":"https:\/\/www.lkeria.com\/actualites\/#organization"},"potentialAction":[{"@type":"SearchAction","target":{"@type":"EntryPoint","urlTemplate":"https:\/\/www.lkeria.com\/actualites\/?s={search_term_string}"},"query-input":{"@type":"PropertyValueSpecification","valueRequired":true,"valueName":"search_term_string"}}],"inLanguage":"fr-FR"},{"@type":"Organization","@id":"https:\/\/www.lkeria.com\/actualites\/#organization","name":"Lkeria","url":"https:\/\/www.lkeria.com\/actualites\/","logo":{"@type":"ImageObject","inLanguage":"fr-FR","@id":"https:\/\/www.lkeria.com\/actualites\/#\/schema\/logo\/image\/","url":"https:\/\/www.lkeria.com\/actualites\/wp-content\/uploads\/2020\/07\/logo-lkeria.png","contentUrl":"https:\/\/www.lkeria.com\/actualites\/wp-content\/uploads\/2020\/07\/logo-lkeria.png","width":200,"height":72,"caption":"Lkeria"},"image":{"@id":"https:\/\/www.lkeria.com\/actualites\/#\/schema\/logo\/image\/"},"sameAs":["https:\/\/www.facebook.com\/lkeriacom","https:\/\/x.com\/lkeriacom"]},{"@type":"Person","@id":"https:\/\/www.lkeria.com\/actualites\/#\/schema\/person\/3a4da2e91b49098351a6c1a04c231e06","name":"Lotfi Ramdani","image":{"@type":"ImageObject","inLanguage":"fr-FR","@id":"https:\/\/secure.gravatar.com\/avatar\/769db425c6f465158149f1ffd6cf61ce7a8a879d11dfbef8288af36dfddd418c?s=96&d=mm&r=g","url":"https:\/\/secure.gravatar.com\/avatar\/769db425c6f465158149f1ffd6cf61ce7a8a879d11dfbef8288af36dfddd418c?s=96&d=mm&r=g","contentUrl":"https:\/\/secure.gravatar.com\/avatar\/769db425c6f465158149f1ffd6cf61ce7a8a879d11dfbef8288af36dfddd418c?s=96&d=mm&r=g","caption":"Lotfi Ramdani"},"url":"https:\/\/www.lkeria.com\/actualites\/author\/chakib32gmail-com\/"}]}},"amp_enabled":true,"_links":{"self":[{"href":"https:\/\/www.lkeria.com\/actualites\/wp-json\/wp\/v2\/posts\/3977","targetHints":{"allow":["GET"]}}],"collection":[{"href":"https:\/\/www.lkeria.com\/actualites\/wp-json\/wp\/v2\/posts"}],"about":[{"href":"https:\/\/www.lkeria.com\/actualites\/wp-json\/wp\/v2\/types\/post"}],"author":[{"embeddable":true,"href":"https:\/\/www.lkeria.com\/actualites\/wp-json\/wp\/v2\/users\/1"}],"replies":[{"embeddable":true,"href":"https:\/\/www.lkeria.com\/actualites\/wp-json\/wp\/v2\/comments?post=3977"}],"version-history":[{"count":2,"href":"https:\/\/www.lkeria.com\/actualites\/wp-json\/wp\/v2\/posts\/3977\/revisions"}],"predecessor-version":[{"id":7055,"href":"https:\/\/www.lkeria.com\/actualites\/wp-json\/wp\/v2\/posts\/3977\/revisions\/7055"}],"wp:featuredmedia":[{"embeddable":true,"href":"https:\/\/www.lkeria.com\/actualites\/wp-json\/wp\/v2\/media\/5688"}],"wp:attachment":[{"href":"https:\/\/www.lkeria.com\/actualites\/wp-json\/wp\/v2\/media?parent=3977"}],"wp:term":[{"taxonomy":"category","embeddable":true,"href":"https:\/\/www.lkeria.com\/actualites\/wp-json\/wp\/v2\/categories?post=3977"},{"taxonomy":"post_tag","embeddable":true,"href":"https:\/\/www.lkeria.com\/actualites\/wp-json\/wp\/v2\/tags?post=3977"}],"curies":[{"name":"wp","href":"https:\/\/api.w.org\/{rel}","templated":true}]}}