{"id":3947,"date":"2019-03-25T00:00:00","date_gmt":"2019-03-24T23:00:00","guid":{"rendered":"https:\/\/www.lkeria.com\/actualites\/non-classe\/wali-oran-prochaine-distribution-20000-logements-habitat-precaire\/"},"modified":"2023-09-26T10:51:45","modified_gmt":"2023-09-26T08:51:45","slug":"wali-oran-prochaine-distribution-20000-logements-habitat-precaire","status":"publish","type":"post","link":"https:\/\/www.lkeria.com\/actualites\/logement\/wali-oran-prochaine-distribution-20000-logements-habitat-precaire\/","title":{"rendered":"Habitat pr\u00e9caire Oran : distribution de 20.000 logements"},"content":{"rendered":"\n<p><strong>Le <a href=\"https:\/\/medias-dz.com\/\">journal <\/a>R\u00e9flexion rapporte que le Wali d\u2019Oran Mouloud Cherifi vient de d\u00e9clarer ;<\/strong> <strong>qu\u2019un quota suppl\u00e9mentaire de 20.000 logements, tous types confondus <\/strong>;<strong> a \u00e9t\u00e9 inscrit par la wilaya en 2019 pour l\u2019absorption de l\u2019habitat pr\u00e9caire.<\/strong><\/p>\n\n\n\n<p>Cette d\u00e9claration a \u00e9t\u00e9 faite \u00e0 l\u2019occasion d\u2019une tourn\u00e9e du Wali d\u2019Oran effectu\u00e9e dans les communes d\u2019Es S\u00e9nia et Gdyel. Durant cette sortie le Wali a d\u00e9clar\u00e9 que ce nouveau programme qui sera distribu\u00e9 courant 2019 ; vise \u00e0 satisfaire la forte demande exprim\u00e9e par les citoyens de la wilaya et aussi pour parachever l\u2019op\u00e9ration d\u2019\u00e9radication ; de l\u2019habitat pr\u00e9caire.<\/p>\n\n\n\n<p>Le Wali d&rsquo;Oran a laiss\u00e9 entendre, selon le journal R\u00e9flexion, que cette politique d\u2019\u00e9radication de l\u2019habitat<br>pr\u00e9caire se poursuivra en tenant compte des moyens disponibles.<\/p>\n\n\n\n<p>Aussi,  Mouloud Cherifi a tenu durant cette sortie \u00e0 rassurer les demandeurs et les souscripteurs&nbsp; <a title=\"Link: https:\/\/www.lkeria.com\/annonces\/immobilier\/vente\/villa-Oran-31\" href=\"https:\/\/www.lkeria.com\/annonces\/immobilier\/vente\/villa-Oran-31\" target=\"_blank\" rel=\"follow noopener noreferrer\">aux&nbsp;diff\u00e9rents programmes de logements publics.<\/a><\/p>\n\n\n\n<p>Enfin, il n\u2019est pas inutile de rappeler que la wilaya a distribu\u00e9, en 2018 ; plusieurs milliers d\u2019unit\u00e9s de logement dont ceux de la formule sociale pour venir \u00e0 bout de la crise.&nbsp;<\/p>\n","protected":false},"excerpt":{"rendered":"<p>Le journal R\u00e9flexion rapporte que le Wali d\u2019Oran Mouloud Cherifi vient de d\u00e9clarer ; qu\u2019un quota suppl\u00e9mentaire de 20.000 logements, tous types confondus ; a \u00e9t\u00e9 inscrit par la wilaya en 2019 pour l\u2019absorption de l\u2019habitat pr\u00e9caire. Cette d\u00e9claration a \u00e9t\u00e9 faite \u00e0 l\u2019occasion d\u2019une tourn\u00e9e du Wali d\u2019Oran effectu\u00e9e dans les communes d\u2019Es S\u00e9nia [&hellip;]<\/p>\n","protected":false},"author":1,"featured_media":5384,"comment_status":"closed","ping_status":"closed","sticky":false,"template":"","format":"standard","meta":{"footnotes":""},"categories":[229],"tags":[24,25,23],"class_list":["post-3947","post","type-post","status-publish","format-standard","has-post-thumbnail","hentry","category-logement","tag-logement","tag-oran","tag-rhp"],"yoast_head":"<!-- This site is optimized with the Yoast SEO plugin v27.5 - https:\/\/yoast.com\/product\/yoast-seo-wordpress\/ -->\n<title>Habitat pr\u00e9caire Oran : distribution de 20.000 logements<\/title>\n<meta name=\"description\" content=\"le Wali d\u2019Oran vient de d\u00e9clarer qu\u2019un quota de 20.000 logements a \u00e9t\u00e9 inscrit par la wilaya en 2019 pour l\u2019absorption de l\u2019habitat pr\u00e9caire.\" \/>\n<meta name=\"robots\" content=\"index, follow, max-snippet:-1, max-image-preview:large, max-video-preview:-1\" \/>\n<link rel=\"canonical\" href=\"https:\/\/www.lkeria.com\/actualites\/logement\/wali-oran-prochaine-distribution-20000-logements-habitat-precaire\/\" \/>\n<meta property=\"og:locale\" content=\"fr_FR\" \/>\n<meta property=\"og:type\" content=\"article\" \/>\n<meta property=\"og:title\" content=\"Habitat pr\u00e9caire Oran : distribution de 20.000 logements\" \/>\n<meta property=\"og:description\" content=\"le Wali d\u2019Oran vient de d\u00e9clarer qu\u2019un quota de 20.000 logements a \u00e9t\u00e9 inscrit par la wilaya en 2019 pour l\u2019absorption de l\u2019habitat pr\u00e9caire.\" \/>\n<meta property=\"og:url\" content=\"https:\/\/www.lkeria.com\/actualites\/logement\/wali-oran-prochaine-distribution-20000-logements-habitat-precaire\/\" \/>\n<meta property=\"og:site_name\" content=\"Actualit\u00e9 de l&#039;immobilier et le logement en Alg\u00e9rie\" \/>\n<meta property=\"article:publisher\" content=\"https:\/\/www.facebook.com\/lkeriacom\" \/>\n<meta property=\"article:published_time\" content=\"2019-03-24T23:00:00+00:00\" \/>\n<meta property=\"article:modified_time\" content=\"2023-09-26T08:51:45+00:00\" \/>\n<meta property=\"og:image\" content=\"https:\/\/www.lkeria.com\/actualites\/wp-content\/uploads\/2019\/03\/Logement-oran-ditribution-2019.jpg\" \/>\n\t<meta property=\"og:image:width\" content=\"1000\" \/>\n\t<meta property=\"og:image:height\" content=\"532\" \/>\n\t<meta property=\"og:image:type\" content=\"image\/jpeg\" \/>\n<meta name=\"author\" content=\"Lotfi Ramdani\" \/>\n<meta name=\"twitter:card\" content=\"summary_large_image\" \/>\n<meta name=\"twitter:creator\" content=\"@lkeriacom\" \/>\n<meta name=\"twitter:site\" content=\"@lkeriacom\" \/>\n<meta name=\"twitter:label1\" content=\"\u00c9crit par\" \/>\n\t<meta name=\"twitter:data1\" content=\"Lotfi Ramdani\" \/>\n\t<meta name=\"twitter:label2\" content=\"Dur\u00e9e de lecture estim\u00e9e\" \/>\n\t<meta name=\"twitter:data2\" content=\"1 minute\" \/>\n<!-- \/ Yoast SEO plugin. -->","yoast_head_json":{"title":"Habitat pr\u00e9caire Oran : distribution de 20.000 logements","description":"le Wali d\u2019Oran vient de d\u00e9clarer qu\u2019un quota de 20.000 logements a \u00e9t\u00e9 inscrit par la wilaya en 2019 pour l\u2019absorption de l\u2019habitat pr\u00e9caire.","robots":{"index":"index","follow":"follow","max-snippet":"max-snippet:-1","max-image-preview":"max-image-preview:large","max-video-preview":"max-video-preview:-1"},"canonical":"https:\/\/www.lkeria.com\/actualites\/logement\/wali-oran-prochaine-distribution-20000-logements-habitat-precaire\/","og_locale":"fr_FR","og_type":"article","og_title":"Habitat pr\u00e9caire Oran : distribution de 20.000 logements","og_description":"le Wali d\u2019Oran vient de d\u00e9clarer qu\u2019un quota de 20.000 logements a \u00e9t\u00e9 inscrit par la wilaya en 2019 pour l\u2019absorption de l\u2019habitat pr\u00e9caire.","og_url":"https:\/\/www.lkeria.com\/actualites\/logement\/wali-oran-prochaine-distribution-20000-logements-habitat-precaire\/","og_site_name":"Actualit\u00e9 de l&#039;immobilier et le logement en Alg\u00e9rie","article_publisher":"https:\/\/www.facebook.com\/lkeriacom","article_published_time":"2019-03-24T23:00:00+00:00","article_modified_time":"2023-09-26T08:51:45+00:00","og_image":[{"width":1000,"height":532,"url":"https:\/\/www.lkeria.com\/actualites\/wp-content\/uploads\/2019\/03\/Logement-oran-ditribution-2019.jpg","type":"image\/jpeg"}],"author":"Lotfi Ramdani","twitter_card":"summary_large_image","twitter_creator":"@lkeriacom","twitter_site":"@lkeriacom","twitter_misc":{"\u00c9crit par":"Lotfi Ramdani","Dur\u00e9e de lecture estim\u00e9e":"1 minute"},"schema":{"@context":"https:\/\/schema.org","@graph":[{"@type":"Article","@id":"https:\/\/www.lkeria.com\/actualites\/logement\/wali-oran-prochaine-distribution-20000-logements-habitat-precaire\/#article","isPartOf":{"@id":"https:\/\/www.lkeria.com\/actualites\/logement\/wali-oran-prochaine-distribution-20000-logements-habitat-precaire\/"},"author":{"name":"Lotfi Ramdani","@id":"https:\/\/www.lkeria.com\/actualites\/#\/schema\/person\/3a4da2e91b49098351a6c1a04c231e06"},"headline":"Habitat pr\u00e9caire Oran : distribution de 20.000 logements","datePublished":"2019-03-24T23:00:00+00:00","dateModified":"2023-09-26T08:51:45+00:00","mainEntityOfPage":{"@id":"https:\/\/www.lkeria.com\/actualites\/logement\/wali-oran-prochaine-distribution-20000-logements-habitat-precaire\/"},"wordCount":204,"publisher":{"@id":"https:\/\/www.lkeria.com\/actualites\/#organization"},"image":{"@id":"https:\/\/www.lkeria.com\/actualites\/logement\/wali-oran-prochaine-distribution-20000-logements-habitat-precaire\/#primaryimage"},"thumbnailUrl":"https:\/\/www.lkeria.com\/actualites\/wp-content\/uploads\/2019\/03\/Logement-oran-ditribution-2019.jpg","keywords":["logement","oran","RHP"],"articleSection":["Logement"],"inLanguage":"fr-FR"},{"@type":"WebPage","@id":"https:\/\/www.lkeria.com\/actualites\/logement\/wali-oran-prochaine-distribution-20000-logements-habitat-precaire\/","url":"https:\/\/www.lkeria.com\/actualites\/logement\/wali-oran-prochaine-distribution-20000-logements-habitat-precaire\/","name":"Habitat pr\u00e9caire Oran : distribution de 20.000 logements","isPartOf":{"@id":"https:\/\/www.lkeria.com\/actualites\/#website"},"primaryImageOfPage":{"@id":"https:\/\/www.lkeria.com\/actualites\/logement\/wali-oran-prochaine-distribution-20000-logements-habitat-precaire\/#primaryimage"},"image":{"@id":"https:\/\/www.lkeria.com\/actualites\/logement\/wali-oran-prochaine-distribution-20000-logements-habitat-precaire\/#primaryimage"},"thumbnailUrl":"https:\/\/www.lkeria.com\/actualites\/wp-content\/uploads\/2019\/03\/Logement-oran-ditribution-2019.jpg","datePublished":"2019-03-24T23:00:00+00:00","dateModified":"2023-09-26T08:51:45+00:00","description":"le Wali d\u2019Oran vient de d\u00e9clarer qu\u2019un quota de 20.000 logements a \u00e9t\u00e9 inscrit par la wilaya en 2019 pour l\u2019absorption de l\u2019habitat pr\u00e9caire.","breadcrumb":{"@id":"https:\/\/www.lkeria.com\/actualites\/logement\/wali-oran-prochaine-distribution-20000-logements-habitat-precaire\/#breadcrumb"},"inLanguage":"fr-FR","potentialAction":[{"@type":"ReadAction","target":["https:\/\/www.lkeria.com\/actualites\/logement\/wali-oran-prochaine-distribution-20000-logements-habitat-precaire\/"]}]},{"@type":"ImageObject","inLanguage":"fr-FR","@id":"https:\/\/www.lkeria.com\/actualites\/logement\/wali-oran-prochaine-distribution-20000-logements-habitat-precaire\/#primaryimage","url":"https:\/\/www.lkeria.com\/actualites\/wp-content\/uploads\/2019\/03\/Logement-oran-ditribution-2019.jpg","contentUrl":"https:\/\/www.lkeria.com\/actualites\/wp-content\/uploads\/2019\/03\/Logement-oran-ditribution-2019.jpg","width":1000,"height":532},{"@type":"BreadcrumbList","@id":"https:\/\/www.lkeria.com\/actualites\/logement\/wali-oran-prochaine-distribution-20000-logements-habitat-precaire\/#breadcrumb","itemListElement":[{"@type":"ListItem","position":1,"name":"Accueil","item":"https:\/\/www.lkeria.com\/actualites\/"},{"@type":"ListItem","position":2,"name":"Habitat pr\u00e9caire Oran : distribution de 20.000 logements"}]},{"@type":"WebSite","@id":"https:\/\/www.lkeria.com\/actualites\/#website","url":"https:\/\/www.lkeria.com\/actualites\/","name":"Actualit\u00e9 de l&#039;immobilier et le logement en Alg\u00e9rie","description":"logement et annonces immobili\u00e8res","publisher":{"@id":"https:\/\/www.lkeria.com\/actualites\/#organization"},"potentialAction":[{"@type":"SearchAction","target":{"@type":"EntryPoint","urlTemplate":"https:\/\/www.lkeria.com\/actualites\/?s={search_term_string}"},"query-input":{"@type":"PropertyValueSpecification","valueRequired":true,"valueName":"search_term_string"}}],"inLanguage":"fr-FR"},{"@type":"Organization","@id":"https:\/\/www.lkeria.com\/actualites\/#organization","name":"Lkeria","url":"https:\/\/www.lkeria.com\/actualites\/","logo":{"@type":"ImageObject","inLanguage":"fr-FR","@id":"https:\/\/www.lkeria.com\/actualites\/#\/schema\/logo\/image\/","url":"https:\/\/www.lkeria.com\/actualites\/wp-content\/uploads\/2020\/07\/logo-lkeria.png","contentUrl":"https:\/\/www.lkeria.com\/actualites\/wp-content\/uploads\/2020\/07\/logo-lkeria.png","width":200,"height":72,"caption":"Lkeria"},"image":{"@id":"https:\/\/www.lkeria.com\/actualites\/#\/schema\/logo\/image\/"},"sameAs":["https:\/\/www.facebook.com\/lkeriacom","https:\/\/x.com\/lkeriacom"]},{"@type":"Person","@id":"https:\/\/www.lkeria.com\/actualites\/#\/schema\/person\/3a4da2e91b49098351a6c1a04c231e06","name":"Lotfi Ramdani","image":{"@type":"ImageObject","inLanguage":"fr-FR","@id":"https:\/\/secure.gravatar.com\/avatar\/769db425c6f465158149f1ffd6cf61ce7a8a879d11dfbef8288af36dfddd418c?s=96&d=mm&r=g","url":"https:\/\/secure.gravatar.com\/avatar\/769db425c6f465158149f1ffd6cf61ce7a8a879d11dfbef8288af36dfddd418c?s=96&d=mm&r=g","contentUrl":"https:\/\/secure.gravatar.com\/avatar\/769db425c6f465158149f1ffd6cf61ce7a8a879d11dfbef8288af36dfddd418c?s=96&d=mm&r=g","caption":"Lotfi Ramdani"},"url":"https:\/\/www.lkeria.com\/actualites\/author\/chakib32gmail-com\/"}]}},"amp_enabled":true,"_links":{"self":[{"href":"https:\/\/www.lkeria.com\/actualites\/wp-json\/wp\/v2\/posts\/3947","targetHints":{"allow":["GET"]}}],"collection":[{"href":"https:\/\/www.lkeria.com\/actualites\/wp-json\/wp\/v2\/posts"}],"about":[{"href":"https:\/\/www.lkeria.com\/actualites\/wp-json\/wp\/v2\/types\/post"}],"author":[{"embeddable":true,"href":"https:\/\/www.lkeria.com\/actualites\/wp-json\/wp\/v2\/users\/1"}],"replies":[{"embeddable":true,"href":"https:\/\/www.lkeria.com\/actualites\/wp-json\/wp\/v2\/comments?post=3947"}],"version-history":[{"count":2,"href":"https:\/\/www.lkeria.com\/actualites\/wp-json\/wp\/v2\/posts\/3947\/revisions"}],"predecessor-version":[{"id":7036,"href":"https:\/\/www.lkeria.com\/actualites\/wp-json\/wp\/v2\/posts\/3947\/revisions\/7036"}],"wp:featuredmedia":[{"embeddable":true,"href":"https:\/\/www.lkeria.com\/actualites\/wp-json\/wp\/v2\/media\/5384"}],"wp:attachment":[{"href":"https:\/\/www.lkeria.com\/actualites\/wp-json\/wp\/v2\/media?parent=3947"}],"wp:term":[{"taxonomy":"category","embeddable":true,"href":"https:\/\/www.lkeria.com\/actualites\/wp-json\/wp\/v2\/categories?post=3947"},{"taxonomy":"post_tag","embeddable":true,"href":"https:\/\/www.lkeria.com\/actualites\/wp-json\/wp\/v2\/tags?post=3947"}],"curies":[{"name":"wp","href":"https:\/\/api.w.org\/{rel}","templated":true}]}}