{"id":3915,"date":"2020-05-03T00:00:00","date_gmt":"2020-05-02T22:00:00","guid":{"rendered":"https:\/\/www.lkeria.com\/actualites\/non-classe\/vers-l-instauration-d-une-taxe-sur-les-biens-vacants\/"},"modified":"2021-02-04T16:08:54","modified_gmt":"2021-02-04T15:08:54","slug":"vers-l-instauration-d-une-taxe-sur-les-biens-vacants","status":"publish","type":"post","link":"https:\/\/www.lkeria.com\/actualites\/logement\/vers-l-instauration-d-une-taxe-sur-les-biens-vacants\/","title":{"rendered":"Biens vacants, vers l&rsquo;instauration d&rsquo;une taxe"},"content":{"rendered":"\n<p>Il est r\u00e9volue le temps ou les propri\u00e9taires pouvaient fermer \u00e0 double clefs leur apparemment sans les occup\u00e9s. Le gouvernement Djerad pr\u00e9voit l&rsquo;instauration d&rsquo;une taxe sur les biens vacants. <\/p>\n\n\n\n<p>C&rsquo;est le Ministre de l&rsquo;int\u00e9rieur et ancien <a href=\"https:\/\/www.facebook.com\/MHUV.GOV\">ministre de l&rsquo;habitat<\/a> ; Kamal Beldjoud,\u00a0qui a fait l&rsquo;annonce \u00e0 l&rsquo;Assembl\u00e9e Populaire National le 30 avril dernier.\u00a0\u00a0En effet, le premier gouvernement de Abdelmajid Teboune met le logement au centre de ses pr\u00e9occupations.\u00a0<\/p>\n\n\n\n<p>Kamal Beljoud r\u00e9pondant \u00e0 une question orale pr\u00e9cise que ;\u00a0\u00bb\u00ab Nous envisageons actuellement la possibilit\u00e9 d\u2019imposer une <a href=\"https:\/\/www.lkeria.com\/impot-algerie.php\">taxe sur les logements<\/a> vacants. Biens qui n\u2019ont pas \u00e9t\u00e9 propos\u00e9s \u00e0 la location par leurs propri\u00e9taires. \u00bb;<\/p>\n\n\n\n<p>Cette nouvelle taxe peut-\u00eatre propos\u00e9e \u00e0 l&rsquo;APN dans le cadre de la loi de finance compl\u00e9mentaire pour 2020. Cependant, beaucoup de questions restent sans r\u00e9ponses. A leur t\u00eate, comment d\u00e9finir qu&rsquo;un logement est non occup\u00e9e ? <\/p>\n\n\n\n<p>Aussi, quel serait le montant de cette taxe et sera-t-elle dissuasive pour obliger les propri\u00e9taires de remettre leur logements sur le march\u00e9 locatif ? Et quelle est la p\u00e9riode de vacance qui imposerait le paiement de la taxe etc.<\/p>\n\n\n\n<p>Par ailleurs, Le ministre de l&rsquo;int\u00e9rieur propose le lancement d&rsquo;un recensement\u00a0pour identifier lesdits logements. Ce type de recensement n&rsquo;est pas \u00e9vident et la notion de \u00ab\u00a0vacance\u00a0\u00bb pose un vrai probl\u00e8me aux sp\u00e9cialistes du domaine. <\/p>\n\n\n\n<p>En effet, les chiffres avanc\u00e9s en 2008 par l&rsquo;ONS sur les biens vacants ; ont \u00e9t\u00e9 d\u00e9savou\u00e9s par le ministre de l&rsquo;int\u00e9rieur de l&rsquo;\u00e9poque, Yazid Zerhouni ; remettant en question la d\u00e9finition utilis\u00e9e par l&rsquo;organisme de statistique.\u00a0<\/p>\n","protected":false},"excerpt":{"rendered":"<p>Il est r\u00e9volue le temps ou les propri\u00e9taires pouvaient fermer \u00e0 double clefs leur apparemment sans les occup\u00e9s. Le gouvernement Djerad pr\u00e9voit l&rsquo;instauration d&rsquo;une taxe sur les biens vacants. C&rsquo;est le Ministre de l&rsquo;int\u00e9rieur et ancien ministre de l&rsquo;habitat ; Kamal Beldjoud,\u00a0qui a fait l&rsquo;annonce \u00e0 l&rsquo;Assembl\u00e9e Populaire National le 30 avril dernier.\u00a0\u00a0En effet, le [&hellip;]<\/p>\n","protected":false},"author":2,"featured_media":1404,"comment_status":"closed","ping_status":"closed","sticky":false,"template":"","format":"standard","meta":{"footnotes":""},"categories":[229],"tags":[24,260],"class_list":["post-3915","post","type-post","status-publish","format-standard","has-post-thumbnail","hentry","category-logement","tag-logement","tag-ons"],"yoast_head":"<!-- This site is optimized with the Yoast SEO plugin v27.5 - https:\/\/yoast.com\/product\/yoast-seo-wordpress\/ -->\n<title>Biens vacants, vers l&#039;instauration d&#039;une taxe - Actualit\u00e9 de l&#039;immobilier et le logement en Alg\u00e9rie<\/title>\n<meta name=\"description\" content=\"Le gouvernement Djerad pr\u00e9voit l&#039;instauration d&#039;une taxe sur les biens vacants. C&#039;est le Ministre de l&#039;int\u00e9rieur qui a fait l&#039;annonce \u00e0 l&#039;APN\" \/>\n<meta name=\"robots\" content=\"index, follow, max-snippet:-1, max-image-preview:large, max-video-preview:-1\" \/>\n<link rel=\"canonical\" href=\"https:\/\/www.lkeria.com\/actualites\/logement\/vers-l-instauration-d-une-taxe-sur-les-biens-vacants\/\" \/>\n<meta property=\"og:locale\" content=\"fr_FR\" \/>\n<meta property=\"og:type\" content=\"article\" \/>\n<meta property=\"og:title\" content=\"Biens vacants, vers l&#039;instauration d&#039;une taxe - Actualit\u00e9 de l&#039;immobilier et le logement en Alg\u00e9rie\" \/>\n<meta property=\"og:description\" content=\"Le gouvernement Djerad pr\u00e9voit l&#039;instauration d&#039;une taxe sur les biens vacants. C&#039;est le Ministre de l&#039;int\u00e9rieur qui a fait l&#039;annonce \u00e0 l&#039;APN\" \/>\n<meta property=\"og:url\" content=\"https:\/\/www.lkeria.com\/actualites\/logement\/vers-l-instauration-d-une-taxe-sur-les-biens-vacants\/\" \/>\n<meta property=\"og:site_name\" content=\"Actualit\u00e9 de l&#039;immobilier et le logement en Alg\u00e9rie\" \/>\n<meta property=\"article:publisher\" content=\"https:\/\/www.facebook.com\/lkeriacom\" \/>\n<meta property=\"article:published_time\" content=\"2020-05-02T22:00:00+00:00\" \/>\n<meta property=\"article:modified_time\" content=\"2021-02-04T15:08:54+00:00\" \/>\n<meta property=\"og:image\" content=\"https:\/\/www.lkeria.com\/actualites\/wp-content\/uploads\/2020\/07\/lpp-91-.jpg\" \/>\n\t<meta property=\"og:image:width\" content=\"1000\" \/>\n\t<meta property=\"og:image:height\" content=\"574\" \/>\n\t<meta property=\"og:image:type\" content=\"image\/jpeg\" \/>\n<meta name=\"author\" content=\"Redaction Lkeria\" \/>\n<meta name=\"twitter:card\" content=\"summary_large_image\" \/>\n<meta name=\"twitter:creator\" content=\"@lkeriacom\" \/>\n<meta name=\"twitter:site\" content=\"@lkeriacom\" \/>\n<meta name=\"twitter:label1\" content=\"\u00c9crit par\" \/>\n\t<meta name=\"twitter:data1\" content=\"Redaction Lkeria\" \/>\n\t<meta name=\"twitter:label2\" content=\"Dur\u00e9e de lecture estim\u00e9e\" \/>\n\t<meta name=\"twitter:data2\" content=\"2 minutes\" \/>\n<!-- \/ Yoast SEO plugin. -->","yoast_head_json":{"title":"Biens vacants, vers l'instauration d'une taxe - Actualit\u00e9 de l&#039;immobilier et le logement en Alg\u00e9rie","description":"Le gouvernement Djerad pr\u00e9voit l'instauration d'une taxe sur les biens vacants. C'est le Ministre de l'int\u00e9rieur qui a fait l'annonce \u00e0 l'APN","robots":{"index":"index","follow":"follow","max-snippet":"max-snippet:-1","max-image-preview":"max-image-preview:large","max-video-preview":"max-video-preview:-1"},"canonical":"https:\/\/www.lkeria.com\/actualites\/logement\/vers-l-instauration-d-une-taxe-sur-les-biens-vacants\/","og_locale":"fr_FR","og_type":"article","og_title":"Biens vacants, vers l'instauration d'une taxe - Actualit\u00e9 de l&#039;immobilier et le logement en Alg\u00e9rie","og_description":"Le gouvernement Djerad pr\u00e9voit l'instauration d'une taxe sur les biens vacants. C'est le Ministre de l'int\u00e9rieur qui a fait l'annonce \u00e0 l'APN","og_url":"https:\/\/www.lkeria.com\/actualites\/logement\/vers-l-instauration-d-une-taxe-sur-les-biens-vacants\/","og_site_name":"Actualit\u00e9 de l&#039;immobilier et le logement en Alg\u00e9rie","article_publisher":"https:\/\/www.facebook.com\/lkeriacom","article_published_time":"2020-05-02T22:00:00+00:00","article_modified_time":"2021-02-04T15:08:54+00:00","og_image":[{"width":1000,"height":574,"url":"https:\/\/www.lkeria.com\/actualites\/wp-content\/uploads\/2020\/07\/lpp-91-.jpg","type":"image\/jpeg"}],"author":"Redaction Lkeria","twitter_card":"summary_large_image","twitter_creator":"@lkeriacom","twitter_site":"@lkeriacom","twitter_misc":{"\u00c9crit par":"Redaction Lkeria","Dur\u00e9e de lecture estim\u00e9e":"2 minutes"},"schema":{"@context":"https:\/\/schema.org","@graph":[{"@type":"Article","@id":"https:\/\/www.lkeria.com\/actualites\/logement\/vers-l-instauration-d-une-taxe-sur-les-biens-vacants\/#article","isPartOf":{"@id":"https:\/\/www.lkeria.com\/actualites\/logement\/vers-l-instauration-d-une-taxe-sur-les-biens-vacants\/"},"author":{"name":"Redaction Lkeria","@id":"https:\/\/www.lkeria.com\/actualites\/#\/schema\/person\/84f2fb96cc90196c394f815cbfa77c52"},"headline":"Biens vacants, vers l&rsquo;instauration d&rsquo;une taxe","datePublished":"2020-05-02T22:00:00+00:00","dateModified":"2021-02-04T15:08:54+00:00","mainEntityOfPage":{"@id":"https:\/\/www.lkeria.com\/actualites\/logement\/vers-l-instauration-d-une-taxe-sur-les-biens-vacants\/"},"wordCount":292,"publisher":{"@id":"https:\/\/www.lkeria.com\/actualites\/#organization"},"image":{"@id":"https:\/\/www.lkeria.com\/actualites\/logement\/vers-l-instauration-d-une-taxe-sur-les-biens-vacants\/#primaryimage"},"thumbnailUrl":"https:\/\/www.lkeria.com\/actualites\/wp-content\/uploads\/2020\/07\/lpp-91-.jpg","keywords":["logement","ons"],"articleSection":["Logement"],"inLanguage":"fr-FR"},{"@type":"WebPage","@id":"https:\/\/www.lkeria.com\/actualites\/logement\/vers-l-instauration-d-une-taxe-sur-les-biens-vacants\/","url":"https:\/\/www.lkeria.com\/actualites\/logement\/vers-l-instauration-d-une-taxe-sur-les-biens-vacants\/","name":"Biens vacants, vers l'instauration d'une taxe - Actualit\u00e9 de l&#039;immobilier et le logement en Alg\u00e9rie","isPartOf":{"@id":"https:\/\/www.lkeria.com\/actualites\/#website"},"primaryImageOfPage":{"@id":"https:\/\/www.lkeria.com\/actualites\/logement\/vers-l-instauration-d-une-taxe-sur-les-biens-vacants\/#primaryimage"},"image":{"@id":"https:\/\/www.lkeria.com\/actualites\/logement\/vers-l-instauration-d-une-taxe-sur-les-biens-vacants\/#primaryimage"},"thumbnailUrl":"https:\/\/www.lkeria.com\/actualites\/wp-content\/uploads\/2020\/07\/lpp-91-.jpg","datePublished":"2020-05-02T22:00:00+00:00","dateModified":"2021-02-04T15:08:54+00:00","description":"Le gouvernement Djerad pr\u00e9voit l'instauration d'une taxe sur les biens vacants. C'est le Ministre de l'int\u00e9rieur qui a fait l'annonce \u00e0 l'APN","breadcrumb":{"@id":"https:\/\/www.lkeria.com\/actualites\/logement\/vers-l-instauration-d-une-taxe-sur-les-biens-vacants\/#breadcrumb"},"inLanguage":"fr-FR","potentialAction":[{"@type":"ReadAction","target":["https:\/\/www.lkeria.com\/actualites\/logement\/vers-l-instauration-d-une-taxe-sur-les-biens-vacants\/"]}]},{"@type":"ImageObject","inLanguage":"fr-FR","@id":"https:\/\/www.lkeria.com\/actualites\/logement\/vers-l-instauration-d-une-taxe-sur-les-biens-vacants\/#primaryimage","url":"https:\/\/www.lkeria.com\/actualites\/wp-content\/uploads\/2020\/07\/lpp-91-.jpg","contentUrl":"https:\/\/www.lkeria.com\/actualites\/wp-content\/uploads\/2020\/07\/lpp-91-.jpg","width":1000,"height":574,"caption":"biens vacants"},{"@type":"BreadcrumbList","@id":"https:\/\/www.lkeria.com\/actualites\/logement\/vers-l-instauration-d-une-taxe-sur-les-biens-vacants\/#breadcrumb","itemListElement":[{"@type":"ListItem","position":1,"name":"Accueil","item":"https:\/\/www.lkeria.com\/actualites\/"},{"@type":"ListItem","position":2,"name":"Biens vacants, vers l&rsquo;instauration d&rsquo;une taxe"}]},{"@type":"WebSite","@id":"https:\/\/www.lkeria.com\/actualites\/#website","url":"https:\/\/www.lkeria.com\/actualites\/","name":"Actualit\u00e9 de l&#039;immobilier et le logement en Alg\u00e9rie","description":"logement et annonces immobili\u00e8res","publisher":{"@id":"https:\/\/www.lkeria.com\/actualites\/#organization"},"potentialAction":[{"@type":"SearchAction","target":{"@type":"EntryPoint","urlTemplate":"https:\/\/www.lkeria.com\/actualites\/?s={search_term_string}"},"query-input":{"@type":"PropertyValueSpecification","valueRequired":true,"valueName":"search_term_string"}}],"inLanguage":"fr-FR"},{"@type":"Organization","@id":"https:\/\/www.lkeria.com\/actualites\/#organization","name":"Lkeria","url":"https:\/\/www.lkeria.com\/actualites\/","logo":{"@type":"ImageObject","inLanguage":"fr-FR","@id":"https:\/\/www.lkeria.com\/actualites\/#\/schema\/logo\/image\/","url":"https:\/\/www.lkeria.com\/actualites\/wp-content\/uploads\/2020\/07\/logo-lkeria.png","contentUrl":"https:\/\/www.lkeria.com\/actualites\/wp-content\/uploads\/2020\/07\/logo-lkeria.png","width":200,"height":72,"caption":"Lkeria"},"image":{"@id":"https:\/\/www.lkeria.com\/actualites\/#\/schema\/logo\/image\/"},"sameAs":["https:\/\/www.facebook.com\/lkeriacom","https:\/\/x.com\/lkeriacom"]},{"@type":"Person","@id":"https:\/\/www.lkeria.com\/actualites\/#\/schema\/person\/84f2fb96cc90196c394f815cbfa77c52","name":"Redaction Lkeria","image":{"@type":"ImageObject","inLanguage":"fr-FR","@id":"https:\/\/secure.gravatar.com\/avatar\/48e200b39e208acb6332380c0488f95d484cd35b18368b825b10ba19931944ff?s=96&d=mm&r=g","url":"https:\/\/secure.gravatar.com\/avatar\/48e200b39e208acb6332380c0488f95d484cd35b18368b825b10ba19931944ff?s=96&d=mm&r=g","contentUrl":"https:\/\/secure.gravatar.com\/avatar\/48e200b39e208acb6332380c0488f95d484cd35b18368b825b10ba19931944ff?s=96&d=mm&r=g","caption":"Redaction Lkeria"},"url":"https:\/\/www.lkeria.com\/actualites\/author\/redaction-lkeria\/"}]}},"amp_enabled":true,"_links":{"self":[{"href":"https:\/\/www.lkeria.com\/actualites\/wp-json\/wp\/v2\/posts\/3915","targetHints":{"allow":["GET"]}}],"collection":[{"href":"https:\/\/www.lkeria.com\/actualites\/wp-json\/wp\/v2\/posts"}],"about":[{"href":"https:\/\/www.lkeria.com\/actualites\/wp-json\/wp\/v2\/types\/post"}],"author":[{"embeddable":true,"href":"https:\/\/www.lkeria.com\/actualites\/wp-json\/wp\/v2\/users\/2"}],"replies":[{"embeddable":true,"href":"https:\/\/www.lkeria.com\/actualites\/wp-json\/wp\/v2\/comments?post=3915"}],"version-history":[{"count":1,"href":"https:\/\/www.lkeria.com\/actualites\/wp-json\/wp\/v2\/posts\/3915\/revisions"}],"predecessor-version":[{"id":5228,"href":"https:\/\/www.lkeria.com\/actualites\/wp-json\/wp\/v2\/posts\/3915\/revisions\/5228"}],"wp:featuredmedia":[{"embeddable":true,"href":"https:\/\/www.lkeria.com\/actualites\/wp-json\/wp\/v2\/media\/1404"}],"wp:attachment":[{"href":"https:\/\/www.lkeria.com\/actualites\/wp-json\/wp\/v2\/media?parent=3915"}],"wp:term":[{"taxonomy":"category","embeddable":true,"href":"https:\/\/www.lkeria.com\/actualites\/wp-json\/wp\/v2\/categories?post=3915"},{"taxonomy":"post_tag","embeddable":true,"href":"https:\/\/www.lkeria.com\/actualites\/wp-json\/wp\/v2\/tags?post=3915"}],"curies":[{"name":"wp","href":"https:\/\/api.w.org\/{rel}","templated":true}]}}