{"id":3913,"date":"2020-06-07T00:00:00","date_gmt":"2020-06-06T22:00:00","guid":{"rendered":"https:\/\/www.lkeria.com\/actualites\/non-classe\/le-ministre-de-l-habitat-incite-les-souscripteurs-lsp-de-saisir-la-justice\/"},"modified":"2023-09-26T10:06:03","modified_gmt":"2023-09-26T08:06:03","slug":"le-ministre-de-l-habitat-incite-les-souscripteurs-lsp-de-saisir-la-justice","status":"publish","type":"post","link":"https:\/\/www.lkeria.com\/actualites\/logement\/le-ministre-de-l-habitat-incite-les-souscripteurs-lsp-de-saisir-la-justice\/","title":{"rendered":"Naceri incite les souscripteurs LSP de saisir la justice"},"content":{"rendered":"\n<p>Avec 10.000 unit\u00e9s LSP \u00e0 l&rsquo;arr\u00eat, Kamal Naceri, ministre de l&rsquo;habitat de l&rsquo;urbanisme et de la ville; &nbsp;incite tous les souscripteurs \u00e0 la formule de Logement Social <a href=\"https:\/\/www.lkeria.com\/logement-public-Algerie.php\">Participatif <\/a>de saisir la justice pour faire bouger les choses.<\/p>\n\n\n\n<p>En effet, le premier responsable du secteur de <a href=\"https:\/\/www.facebook.com\/MHUV.GOV\">l&rsquo;habitat <\/a>pr\u00e9cisait aux d\u00e9put\u00e9s jeudi pass\u00e9 ; que sur 317.000 logements LSP pr\u00e9vue, 287.000 ont \u00e9t\u00e9 livr\u00e9s aux  souscripteurs. <\/p>\n\n\n\n<p>Sur les 30.000 logements restants, le ministre rappelle que 10.000 logements sont \u00e0 l&rsquo;arr\u00eat ; \u00e0 cause de l&rsquo;incapacit\u00e9 des promoteurs de relancer leurs projets.<\/p>\n\n\n\n<p>Enfin, Monsieur Nasri pr\u00e9cise aussi aux repr\u00e9sentants du peuple que 3000 logement LSP sont programm\u00e9s pour \u00eatre livr\u00e9s en 2020.<\/p>\n","protected":false},"excerpt":{"rendered":"<p>Avec 10.000 unit\u00e9s LSP \u00e0 l&rsquo;arr\u00eat, Kamal Naceri, ministre de l&rsquo;habitat de l&rsquo;urbanisme et de la ville; &nbsp;incite tous les souscripteurs \u00e0 la formule de Logement Social Participatif de saisir la justice pour faire bouger les choses. En effet, le premier responsable du secteur de l&rsquo;habitat pr\u00e9cisait aux d\u00e9put\u00e9s jeudi pass\u00e9 ; que sur 317.000 [&hellip;]<\/p>\n","protected":false},"author":2,"featured_media":1022,"comment_status":"closed","ping_status":"closed","sticky":false,"template":"","format":"standard","meta":{"footnotes":""},"categories":[229],"tags":[13],"class_list":["post-3913","post","type-post","status-publish","format-standard","has-post-thumbnail","hentry","category-logement","tag-lsp"],"yoast_head":"<!-- This site is optimized with the Yoast SEO plugin v27.5 - https:\/\/yoast.com\/product\/yoast-seo-wordpress\/ -->\n<title>Naceri incite les souscripteurs LSP de saisir la justice<\/title>\n<meta name=\"description\" content=\"Avec 10.000 unit\u00e9s LSP \u00e0 l&#039;arr\u00eat, le ministre de l&#039;habitat incite tous les souscripteurs \u00e0 la formule de LSP de saisir la justice.\" \/>\n<meta name=\"robots\" content=\"index, follow, max-snippet:-1, max-image-preview:large, max-video-preview:-1\" \/>\n<link rel=\"canonical\" href=\"https:\/\/www.lkeria.com\/actualites\/logement\/le-ministre-de-l-habitat-incite-les-souscripteurs-lsp-de-saisir-la-justice\/\" \/>\n<meta property=\"og:locale\" content=\"fr_FR\" \/>\n<meta property=\"og:type\" content=\"article\" \/>\n<meta property=\"og:title\" content=\"Naceri incite les souscripteurs LSP de saisir la justice\" \/>\n<meta property=\"og:description\" content=\"Avec 10.000 unit\u00e9s LSP \u00e0 l&#039;arr\u00eat, le ministre de l&#039;habitat incite tous les souscripteurs \u00e0 la formule de LSP de saisir la justice.\" \/>\n<meta property=\"og:url\" content=\"https:\/\/www.lkeria.com\/actualites\/logement\/le-ministre-de-l-habitat-incite-les-souscripteurs-lsp-de-saisir-la-justice\/\" \/>\n<meta property=\"og:site_name\" content=\"Actualit\u00e9 de l&#039;immobilier et le logement en Alg\u00e9rie\" \/>\n<meta property=\"article:publisher\" content=\"https:\/\/www.facebook.com\/lkeriacom\" \/>\n<meta property=\"article:published_time\" content=\"2020-06-06T22:00:00+00:00\" \/>\n<meta property=\"article:modified_time\" content=\"2023-09-26T08:06:03+00:00\" \/>\n<meta property=\"og:image\" content=\"https:\/\/www.lkeria.com\/actualites\/wp-content\/uploads\/2020\/07\/liste-lpa.jpg\" \/>\n\t<meta property=\"og:image:width\" content=\"815\" \/>\n\t<meta property=\"og:image:height\" content=\"750\" \/>\n\t<meta property=\"og:image:type\" content=\"image\/jpeg\" \/>\n<meta name=\"author\" content=\"Redaction Lkeria\" \/>\n<meta name=\"twitter:card\" content=\"summary_large_image\" \/>\n<meta name=\"twitter:creator\" content=\"@lkeriacom\" \/>\n<meta name=\"twitter:site\" content=\"@lkeriacom\" \/>\n<meta name=\"twitter:label1\" content=\"\u00c9crit par\" \/>\n\t<meta name=\"twitter:data1\" content=\"Redaction Lkeria\" \/>\n\t<meta name=\"twitter:label2\" content=\"Dur\u00e9e de lecture estim\u00e9e\" \/>\n\t<meta name=\"twitter:data2\" content=\"1 minute\" \/>\n<!-- \/ Yoast SEO plugin. -->","yoast_head_json":{"title":"Naceri incite les souscripteurs LSP de saisir la justice","description":"Avec 10.000 unit\u00e9s LSP \u00e0 l'arr\u00eat, le ministre de l'habitat incite tous les souscripteurs \u00e0 la formule de LSP de saisir la justice.","robots":{"index":"index","follow":"follow","max-snippet":"max-snippet:-1","max-image-preview":"max-image-preview:large","max-video-preview":"max-video-preview:-1"},"canonical":"https:\/\/www.lkeria.com\/actualites\/logement\/le-ministre-de-l-habitat-incite-les-souscripteurs-lsp-de-saisir-la-justice\/","og_locale":"fr_FR","og_type":"article","og_title":"Naceri incite les souscripteurs LSP de saisir la justice","og_description":"Avec 10.000 unit\u00e9s LSP \u00e0 l'arr\u00eat, le ministre de l'habitat incite tous les souscripteurs \u00e0 la formule de LSP de saisir la justice.","og_url":"https:\/\/www.lkeria.com\/actualites\/logement\/le-ministre-de-l-habitat-incite-les-souscripteurs-lsp-de-saisir-la-justice\/","og_site_name":"Actualit\u00e9 de l&#039;immobilier et le logement en Alg\u00e9rie","article_publisher":"https:\/\/www.facebook.com\/lkeriacom","article_published_time":"2020-06-06T22:00:00+00:00","article_modified_time":"2023-09-26T08:06:03+00:00","og_image":[{"width":815,"height":750,"url":"https:\/\/www.lkeria.com\/actualites\/wp-content\/uploads\/2020\/07\/liste-lpa.jpg","type":"image\/jpeg"}],"author":"Redaction Lkeria","twitter_card":"summary_large_image","twitter_creator":"@lkeriacom","twitter_site":"@lkeriacom","twitter_misc":{"\u00c9crit par":"Redaction Lkeria","Dur\u00e9e de lecture estim\u00e9e":"1 minute"},"schema":{"@context":"https:\/\/schema.org","@graph":[{"@type":"Article","@id":"https:\/\/www.lkeria.com\/actualites\/logement\/le-ministre-de-l-habitat-incite-les-souscripteurs-lsp-de-saisir-la-justice\/#article","isPartOf":{"@id":"https:\/\/www.lkeria.com\/actualites\/logement\/le-ministre-de-l-habitat-incite-les-souscripteurs-lsp-de-saisir-la-justice\/"},"author":{"name":"Redaction Lkeria","@id":"https:\/\/www.lkeria.com\/actualites\/#\/schema\/person\/84f2fb96cc90196c394f815cbfa77c52"},"headline":"Naceri incite les souscripteurs LSP de saisir la justice","datePublished":"2020-06-06T22:00:00+00:00","dateModified":"2023-09-26T08:06:03+00:00","mainEntityOfPage":{"@id":"https:\/\/www.lkeria.com\/actualites\/logement\/le-ministre-de-l-habitat-incite-les-souscripteurs-lsp-de-saisir-la-justice\/"},"wordCount":124,"publisher":{"@id":"https:\/\/www.lkeria.com\/actualites\/#organization"},"image":{"@id":"https:\/\/www.lkeria.com\/actualites\/logement\/le-ministre-de-l-habitat-incite-les-souscripteurs-lsp-de-saisir-la-justice\/#primaryimage"},"thumbnailUrl":"https:\/\/www.lkeria.com\/actualites\/wp-content\/uploads\/2020\/07\/liste-lpa.jpg","keywords":["lsp"],"articleSection":["Logement"],"inLanguage":"fr-FR"},{"@type":"WebPage","@id":"https:\/\/www.lkeria.com\/actualites\/logement\/le-ministre-de-l-habitat-incite-les-souscripteurs-lsp-de-saisir-la-justice\/","url":"https:\/\/www.lkeria.com\/actualites\/logement\/le-ministre-de-l-habitat-incite-les-souscripteurs-lsp-de-saisir-la-justice\/","name":"Naceri incite les souscripteurs LSP de saisir la justice","isPartOf":{"@id":"https:\/\/www.lkeria.com\/actualites\/#website"},"primaryImageOfPage":{"@id":"https:\/\/www.lkeria.com\/actualites\/logement\/le-ministre-de-l-habitat-incite-les-souscripteurs-lsp-de-saisir-la-justice\/#primaryimage"},"image":{"@id":"https:\/\/www.lkeria.com\/actualites\/logement\/le-ministre-de-l-habitat-incite-les-souscripteurs-lsp-de-saisir-la-justice\/#primaryimage"},"thumbnailUrl":"https:\/\/www.lkeria.com\/actualites\/wp-content\/uploads\/2020\/07\/liste-lpa.jpg","datePublished":"2020-06-06T22:00:00+00:00","dateModified":"2023-09-26T08:06:03+00:00","description":"Avec 10.000 unit\u00e9s LSP \u00e0 l'arr\u00eat, le ministre de l'habitat incite tous les souscripteurs \u00e0 la formule de LSP de saisir la justice.","breadcrumb":{"@id":"https:\/\/www.lkeria.com\/actualites\/logement\/le-ministre-de-l-habitat-incite-les-souscripteurs-lsp-de-saisir-la-justice\/#breadcrumb"},"inLanguage":"fr-FR","potentialAction":[{"@type":"ReadAction","target":["https:\/\/www.lkeria.com\/actualites\/logement\/le-ministre-de-l-habitat-incite-les-souscripteurs-lsp-de-saisir-la-justice\/"]}]},{"@type":"ImageObject","inLanguage":"fr-FR","@id":"https:\/\/www.lkeria.com\/actualites\/logement\/le-ministre-de-l-habitat-incite-les-souscripteurs-lsp-de-saisir-la-justice\/#primaryimage","url":"https:\/\/www.lkeria.com\/actualites\/wp-content\/uploads\/2020\/07\/liste-lpa.jpg","contentUrl":"https:\/\/www.lkeria.com\/actualites\/wp-content\/uploads\/2020\/07\/liste-lpa.jpg","width":815,"height":750,"caption":"souscripteurs LSP LPA"},{"@type":"BreadcrumbList","@id":"https:\/\/www.lkeria.com\/actualites\/logement\/le-ministre-de-l-habitat-incite-les-souscripteurs-lsp-de-saisir-la-justice\/#breadcrumb","itemListElement":[{"@type":"ListItem","position":1,"name":"Accueil","item":"https:\/\/www.lkeria.com\/actualites\/"},{"@type":"ListItem","position":2,"name":"Naceri incite les souscripteurs LSP de saisir la justice"}]},{"@type":"WebSite","@id":"https:\/\/www.lkeria.com\/actualites\/#website","url":"https:\/\/www.lkeria.com\/actualites\/","name":"Actualit\u00e9 de l&#039;immobilier et le logement en Alg\u00e9rie","description":"logement et annonces immobili\u00e8res","publisher":{"@id":"https:\/\/www.lkeria.com\/actualites\/#organization"},"potentialAction":[{"@type":"SearchAction","target":{"@type":"EntryPoint","urlTemplate":"https:\/\/www.lkeria.com\/actualites\/?s={search_term_string}"},"query-input":{"@type":"PropertyValueSpecification","valueRequired":true,"valueName":"search_term_string"}}],"inLanguage":"fr-FR"},{"@type":"Organization","@id":"https:\/\/www.lkeria.com\/actualites\/#organization","name":"Lkeria","url":"https:\/\/www.lkeria.com\/actualites\/","logo":{"@type":"ImageObject","inLanguage":"fr-FR","@id":"https:\/\/www.lkeria.com\/actualites\/#\/schema\/logo\/image\/","url":"https:\/\/www.lkeria.com\/actualites\/wp-content\/uploads\/2020\/07\/logo-lkeria.png","contentUrl":"https:\/\/www.lkeria.com\/actualites\/wp-content\/uploads\/2020\/07\/logo-lkeria.png","width":200,"height":72,"caption":"Lkeria"},"image":{"@id":"https:\/\/www.lkeria.com\/actualites\/#\/schema\/logo\/image\/"},"sameAs":["https:\/\/www.facebook.com\/lkeriacom","https:\/\/x.com\/lkeriacom"]},{"@type":"Person","@id":"https:\/\/www.lkeria.com\/actualites\/#\/schema\/person\/84f2fb96cc90196c394f815cbfa77c52","name":"Redaction Lkeria","image":{"@type":"ImageObject","inLanguage":"fr-FR","@id":"https:\/\/secure.gravatar.com\/avatar\/48e200b39e208acb6332380c0488f95d484cd35b18368b825b10ba19931944ff?s=96&d=mm&r=g","url":"https:\/\/secure.gravatar.com\/avatar\/48e200b39e208acb6332380c0488f95d484cd35b18368b825b10ba19931944ff?s=96&d=mm&r=g","contentUrl":"https:\/\/secure.gravatar.com\/avatar\/48e200b39e208acb6332380c0488f95d484cd35b18368b825b10ba19931944ff?s=96&d=mm&r=g","caption":"Redaction Lkeria"},"url":"https:\/\/www.lkeria.com\/actualites\/author\/redaction-lkeria\/"}]}},"amp_enabled":true,"_links":{"self":[{"href":"https:\/\/www.lkeria.com\/actualites\/wp-json\/wp\/v2\/posts\/3913","targetHints":{"allow":["GET"]}}],"collection":[{"href":"https:\/\/www.lkeria.com\/actualites\/wp-json\/wp\/v2\/posts"}],"about":[{"href":"https:\/\/www.lkeria.com\/actualites\/wp-json\/wp\/v2\/types\/post"}],"author":[{"embeddable":true,"href":"https:\/\/www.lkeria.com\/actualites\/wp-json\/wp\/v2\/users\/2"}],"replies":[{"embeddable":true,"href":"https:\/\/www.lkeria.com\/actualites\/wp-json\/wp\/v2\/comments?post=3913"}],"version-history":[{"count":3,"href":"https:\/\/www.lkeria.com\/actualites\/wp-json\/wp\/v2\/posts\/3913\/revisions"}],"predecessor-version":[{"id":7016,"href":"https:\/\/www.lkeria.com\/actualites\/wp-json\/wp\/v2\/posts\/3913\/revisions\/7016"}],"wp:featuredmedia":[{"embeddable":true,"href":"https:\/\/www.lkeria.com\/actualites\/wp-json\/wp\/v2\/media\/1022"}],"wp:attachment":[{"href":"https:\/\/www.lkeria.com\/actualites\/wp-json\/wp\/v2\/media?parent=3913"}],"wp:term":[{"taxonomy":"category","embeddable":true,"href":"https:\/\/www.lkeria.com\/actualites\/wp-json\/wp\/v2\/categories?post=3913"},{"taxonomy":"post_tag","embeddable":true,"href":"https:\/\/www.lkeria.com\/actualites\/wp-json\/wp\/v2\/tags?post=3913"}],"curies":[{"name":"wp","href":"https:\/\/api.w.org\/{rel}","templated":true}]}}